{"id":3261,"date":"2026-04-26T00:00:35","date_gmt":"2026-04-25T21:00:35","guid":{"rendered":"https:\/\/sunpress4.com\/index.php\/2026\/04\/26\/iranin-eski-buyukelcisinin-avrupadaki-luks-yasami-elestirilerin-odaginda\/"},"modified":"2026-04-26T00:00:36","modified_gmt":"2026-04-25T21:00:36","slug":"iranin-eski-buyukelcisinin-avrupadaki-luks-yasami-elestirilerin-odaginda","status":"publish","type":"post","link":"https:\/\/sunpress4.com\/index.php\/2026\/04\/26\/iranin-eski-buyukelcisinin-avrupadaki-luks-yasami-elestirilerin-odaginda\/","title":{"rendered":"\u0130ran&#8217;\u0131n eski b\u00fcy\u00fckel\u00e7isinin Avrupa&#8217;daki l\u00fcks ya\u015fam\u0131 ele\u015ftirilerin oda\u011f\u0131nda"},"content":{"rendered":"<p>\u0130ran, siyasi gerilimler, uluslararas\u0131 ambargolar ve son d\u00f6nemdeki b\u00f6lgesel \u00e7at\u0131\u015fmalarla bo\u011fu\u015furken, \u00fclkenin eski Venezuela B\u00fcy\u00fckel\u00e7isi Ahmad Sobhani&#8217;nin o\u011flu Sasha Sobhani&#8217;nin Avrupa&#8217;daki g\u00f6z kama\u015ft\u0131r\u0131c\u0131 l\u00fcks ya\u015fam tarz\u0131 kamuoyunun tepkisini \u00e7ekiyor. Kara para aklama ve yasad\u0131\u015f\u0131 kumar iddialar\u0131yla 2021&#8217;de \u0130spanya&#8217;da yarg\u0131lanan Sobhani, kendisine y\u00f6neltilen &#8220;imtiyazl\u0131 \u00e7ocuk&#8221; ele\u015ftirilerine &#8220;S\u0131f\u0131rdan ba\u015flad\u0131m&#8221; diyerek kar\u015f\u0131 \u00e7\u0131km\u0131\u015ft\u0131.<\/p>\n<h2>Ekonomik Zorluklar ve G\u00f6steri\u015fli Hayat\u0131n Kontrast\u0131<\/h2>\n<p>\u0130ran halk\u0131, uzun y\u0131llard\u0131r s\u00fcregelen a\u011f\u0131r uluslararas\u0131 yapt\u0131r\u0131mlar ve b\u00f6lgedeki jeopolitik gerilimlerin yaratt\u0131\u011f\u0131 ekonomik buhranla m\u00fccadele ederken, \u00fclkenin eski Gabon ve Venezuela B\u00fcy\u00fckel\u00e7isi Ahmad Sobhani&#8217;nin o\u011flu Sasha Sobhani&#8217;nin sosyal medya payla\u015f\u0131mlar\u0131 b\u00fcy\u00fck tepki topluyor. Sobhani&#8217;nin Avrupa&#8217;da s\u00fcrd\u00fcrd\u00fc\u011f\u00fc a\u015f\u0131r\u0131 l\u00fcks ya\u015fam tarz\u0131, \u0130ranl\u0131lar\u0131n ya\u015fad\u0131\u011f\u0131 zorluklarla keskin bir tezat olu\u015fturuyor.<\/p>\n<h2>Sasha Sobhani: \u0130ran&#8217;\u0131n Tart\u0131\u015fmal\u0131 Fenomeni ve &#8220;Dan Bilzerian&#8221; Benzetmesi<\/h2>\n<p>\u00d6zel jetler, son model spor arabalar, g\u00f6rkemli partiler ve etraf\u0131 g\u00fczel kad\u0131nlarla \u00e7evrili bir hayat&#8230; Sasha Sobhani&#8217;nin sosyal medya hesaplar\u0131, bu t\u00fcr payla\u015f\u0131mlarla dolup ta\u015farken, kendisi bir kez daha t\u00fcm dikkatleri \u00fczerine \u00e7ekti.<\/p>\n<p>38 ya\u015f\u0131ndaki rap\u00e7i ve fenomen Sobhani, bu g\u00f6steri\u015fli ya\u015fam tarz\u0131 nedeniyle s\u0131k\u00e7a &#8220;\u0130ran&#8217;\u0131n Dan Bilzerian&#8217;\u0131&#8221; olarak an\u0131l\u0131yor. Ancak &#8220;imtiyazl\u0131 \u00e7ocuk&#8221; ele\u015ftirilerini reddeden Sobhani, tepkilere &#8220;Gidin ger\u00e7ek imtiyazl\u0131lar\u0131 bulun&#8221; s\u00f6zleriyle yan\u0131t veriyor.<\/p>\n<h2>Kara Para Aklama ve Yasad\u0131\u015f\u0131 Kumar \u0130ddialar\u0131yla Yarg\u0131 \u00d6n\u00fcnde<\/h2>\n<p>Sasha Sobhani&#8217;nin l\u00fcks ya\u015fam\u0131n\u0131n finansal kaynaklar\u0131 uzun s\u00fcre sorgulan\u0131rken, \u0130ran resmi makamlar\u0131 2021 y\u0131l\u0131nda harekete ge\u00e7ti. \u0130spanya&#8217;dan iadesi talep edilen m\u00fczisyen, Madrid&#8217;de yarg\u0131\u00e7 kar\u015f\u0131s\u0131na \u00e7\u0131kt\u0131. Kendisine y\u00f6neltilen &#8220;yasad\u0131\u015f\u0131 kumar siteleri i\u015fletmek&#8221; ve &#8220;kara para aklamak&#8221; su\u00e7lamalar\u0131n\u0131 kategorik olarak reddeden Sobhani, \u00fclkesinin l\u00fcks ya\u015fant\u0131s\u0131n\u0131 bahane ederek kendisine kar\u015f\u0131 bir komplo d\u00fczenlendi\u011fini \u00f6ne s\u00fcrd\u00fc.<\/p>\n<h2>\u0130ade Talebine Kar\u015f\u0131 Savunma: &#8220;\u0130ran&#8217;a D\u00f6nersem \u0130\u015fkence G\u00f6rebilirim&#8221;<\/h2>\n<p>\u0130ran y\u00f6netiminin iade taleplerine kar\u015f\u0131 \u0130spanyol mahkemesinde etkili bir savunma yapan Sobhani, \u00fclkesine geri g\u00f6nderilmesi halinde hem ya\u015fam tarz\u0131 hem de siyasi g\u00f6r\u00fc\u015fleri nedeniyle ciddi i\u015fkence g\u00f6rme riskiyle kar\u015f\u0131 kar\u015f\u0131ya kalaca\u011f\u0131n\u0131 iddia etti. Bu savunma, iade s\u00fcrecinde \u00f6nemli bir arg\u00fcman olarak de\u011ferlendirildi.<\/p>\n<h2>Diplomatik Ge\u00e7mi\u015fe Sahip Bir Aileden Gelen Tart\u0131\u015fmal\u0131 Fig\u00fcr<\/h2>\n<p>\u00dclkesi bir yanda a\u011f\u0131r krizlerle ve b\u00f6lgesel \u00e7at\u0131\u015fmalar\u0131n e\u015fi\u011findeyken, di\u011fer yanda Avrupa&#8217;n\u0131n ba\u015fkentlerinde s\u00fcrd\u00fcrd\u00fc\u011f\u00fc milyoner ya\u015fam tarz\u0131, Sasha Sobhani&#8217;yi \u0130ran&#8217;\u0131n en hararetli siyasi tart\u0131\u015fma konular\u0131ndan biri haline getirdi.<\/p>\n<p>G\u00f6steri\u015fli ya\u015fam\u0131n\u0131 g\u00f6zler \u00f6n\u00fcne sermekten \u00e7ekinmeyen Sasha Sobhani&#8217;nin babas\u0131 Ahmad Sobhani, uzun y\u0131llar \u00f6nemli diplomatik g\u00f6revlerde bulunmu\u015ftu. Kendisi, 2001-2006 y\u0131llar\u0131 aras\u0131nda \u0130ran&#8217;\u0131n Venezuela B\u00fcy\u00fckel\u00e7isi, 1995-1998 y\u0131llar\u0131 aras\u0131nda ise Gabon B\u00fcy\u00fckel\u00e7isi olarak g\u00f6rev yapt\u0131. Ayr\u0131ca, 2007-2010 y\u0131llar\u0131 aras\u0131nda \u00fclkesinin Avrupa ve Amerika \u0130\u015flerinden Sorumlu D\u0131\u015fi\u015fleri Bakan Yard\u0131mc\u0131l\u0131\u011f\u0131 gibi kritik bir pozisyonda da bulunmu\u015ftu.<\/p>\n","protected":false},"excerpt":{"rendered":"<p>\u0130ran, siyasi gerilimler, uluslararas\u0131 ambargolar ve son d\u00f6nemdeki b\u00f6lgesel \u00e7at\u0131\u015fmalarla bo\u011fu\u015furken, \u00fclkenin eski Venezuela B\u00fcy\u00fckel\u00e7isi Ahmad Sobhani&#8217;nin o\u011flu Sasha Sobhani&#8217;nin Avrupa&#8217;daki g\u00f6z kama\u015ft\u0131r\u0131c\u0131 l\u00fcks ya\u015fam tarz\u0131 kamuoyunun tepkisini \u00e7ekiyor. Kara para aklama ve yasad\u0131\u015f\u0131 kumar iddialar\u0131yla 2021&#8217;de \u0130spanya&#8217;da yarg\u0131lanan Sobhani, kendisine y\u00f6neltilen &#8220;imtiyazl\u0131 \u00e7ocuk&#8221; ele\u015ftirilerine &#8220;S\u0131f\u0131rdan ba\u015flad\u0131m&#8221; diyerek kar\u015f\u0131 \u00e7\u0131km\u0131\u015ft\u0131. Ekonomik Zorluklar ve G\u00f6steri\u015fli Hayat\u0131n [&hellip;]<\/p>\n","protected":false},"author":0,"featured_media":3262,"comment_status":"open","ping_status":"open","sticky":false,"template":"","format":"standard","meta":{"footnotes":""},"categories":[15],"tags":[94,95,306],"class_list":["post-3261","post","type-post","status-publish","format-standard","has-post-thumbnail","hentry","category-gundem","tag-dunya","tag-iran","tag-sosyal-medya"],"_links":{"self":[{"href":"https:\/\/sunpress4.com\/index.php\/wp-json\/wp\/v2\/posts\/3261","targetHints":{"allow":["GET"]}}],"collection":[{"href":"https:\/\/sunpress4.com\/index.php\/wp-json\/wp\/v2\/posts"}],"about":[{"href":"https:\/\/sunpress4.com\/index.php\/wp-json\/wp\/v2\/types\/post"}],"replies":[{"embeddable":true,"href":"https:\/\/sunpress4.com\/index.php\/wp-json\/wp\/v2\/comments?post=3261"}],"version-history":[{"count":1,"href":"https:\/\/sunpress4.com\/index.php\/wp-json\/wp\/v2\/posts\/3261\/revisions"}],"predecessor-version":[{"id":3263,"href":"https:\/\/sunpress4.com\/index.php\/wp-json\/wp\/v2\/posts\/3261\/revisions\/3263"}],"wp:featuredmedia":[{"embeddable":true,"href":"https:\/\/sunpress4.com\/index.php\/wp-json\/wp\/v2\/media\/3262"}],"wp:attachment":[{"href":"https:\/\/sunpress4.com\/index.php\/wp-json\/wp\/v2\/media?parent=3261"}],"wp:term":[{"taxonomy":"category","embeddable":true,"href":"https:\/\/sunpress4.com\/index.php\/wp-json\/wp\/v2\/categories?post=3261"},{"taxonomy":"post_tag","embeddable":true,"href":"https:\/\/sunpress4.com\/index.php\/wp-json\/wp\/v2\/tags?post=3261"}],"curies":[{"name":"wp","href":"https:\/\/api.w.org\/{rel}","templated":true}]}}