{"id":3264,"date":"2026-04-26T00:00:50","date_gmt":"2026-04-25T21:00:50","guid":{"rendered":"https:\/\/sunpress4.com\/index.php\/2026\/04\/26\/unlu-otobus-firmasi-sektorden-tamamen-cekiliyor\/"},"modified":"2026-04-26T00:00:51","modified_gmt":"2026-04-25T21:00:51","slug":"unlu-otobus-firmasi-sektorden-tamamen-cekiliyor","status":"publish","type":"post","link":"https:\/\/sunpress4.com\/index.php\/2026\/04\/26\/unlu-otobus-firmasi-sektorden-tamamen-cekiliyor\/","title":{"rendered":"\u00dcnl\u00fc otob\u00fcs firmas\u0131 sekt\u00f6rden tamamen \u00e7ekiliyor"},"content":{"rendered":"<p>Avrupa&#8217;n\u0131n \u00f6nemli otob\u00fcs ta\u015f\u0131mac\u0131l\u0131\u011f\u0131 oyuncular\u0131ndan BlaBlaCar Bus, operasyonel ve finansal engelleri a\u015famayarak sekt\u00f6rden \u00e7ekilme karar\u0131 ald\u0131\u011f\u0131n\u0131 duyurdu. D\u00fc\u015f\u00fck maliyetli bilet stratejisiyle milyonlarca yolcunun tercihi haline gelen \u015firket, yedi y\u0131l s\u00fcren maceras\u0131n\u0131n ard\u0131ndan 2026 y\u0131l\u0131n\u0131n sonunda otob\u00fcs piyasas\u0131ndan tamamen ayr\u0131lacak.<\/p>\n<h3>OPERASYONEL ZORLUKLAR VE Y\u00dcKSELEN MAL\u0130YETLER SONU OLDU<\/h3>\n<p>\u015eirket y\u00f6netiminden yap\u0131lan a\u00e7\u0131klamada, radikal karar\u0131n arkas\u0131ndaki temel nedenler operasyonel verimsizlik ve finansal s\u00fcrd\u00fcr\u00fclebilirlik sorunlar\u0131 olarak g\u00f6sterildi. BlaBlaCar Bus, beklenen k\u00e2r d\u00fczeyine ula\u015famad\u0131\u011f\u0131n\u0131 ve \u00f6zellikle jeopolitik gerilimlerin k\u00f6r\u00fckledi\u011fi yak\u0131t fiyatlar\u0131ndaki art\u0131\u015f\u0131n, d\u00fc\u015f\u00fck bilet fiyatland\u0131rma modelini s\u00fcrd\u00fcr\u00fclemez hale getirdi\u011fini belirtti.<\/p>\n<h3>GEN\u0130\u015e KAPSAMLI A\u011e KAPANACAK: 6 M\u0130LYON YOLCU ETK\u0130LENECEK<\/h3>\n<p>BlaBlaCar Bus, \u0130ngiltere&#8217;den \u0130spanya&#8217;ya, \u0130talya&#8217;dan Almanya&#8217;ya kadar uzanan geni\u015f bir co\u011frafyada, 15 \u00fclkede 300&#8217;den fazla noktay\u0131 birbirine ba\u011fl\u0131yordu. Y\u0131lda yakla\u015f\u0131k 6 milyon yolcuya hizmet veren bu dev a\u011f\u0131n ortadan kalkmas\u0131, Avrupa karayolu ula\u015f\u0131m pazar\u0131nda \u00f6nemli bir bo\u015fluk yaratacak. Sekt\u00f6r analistleri, bu \u00e7ekilmenin Alman devi FlixBus&#8217;\u0131 pazarda rakipsiz konuma getirebilece\u011fi ve bunun da bilet fiyatlar\u0131nda art\u0131\u015fa yol a\u00e7abilece\u011fi endi\u015fesini ta\u015f\u0131yor.<\/p>\n<p id=\"inpage_reklam\" class=\"d-none d-md-block \">\n<p><img class=\"hbptMainImage ImgDetay\" width=\"300\" height=\"200\" data-orig= \"https:\/\/foto.haberler.com\/haber\/2026\/04\/25\/avrupanin-unlu-otobus-firmasi-19781507-2958_1_m.jpg\"><\/p>\n<h3>SOSYAL VE EKONOM\u0130K YANSIMALAR: ALT Y\u00dcKLEN\u0130C\u0130LER K\u0130TLESEL ETK\u0130LENECEK<\/h3>\n<p>BlaBlaCar Bus&#8217;\u0131n \u00e7ekilme karar\u0131, beraberinde a\u011f\u0131r sosyal ve ekonomik faturalar da getiriyor. \u015eirket b\u00fcnyesinde do\u011frudan istihdam edilen 40 pozisyonun tasfiye edilece\u011fi a\u00e7\u0131klan\u0131rken, as\u0131l b\u00fcy\u00fck darbeyi \u015firketin seferlerini d\u00fczenleyen yakla\u015f\u0131k 60 alt y\u00fcklenici firma alacak. Bu firmalar\u0131n otob\u00fcs ve personel yat\u0131r\u0131mlar\u0131n\u0131n gelece\u011fi belirsizli\u011fini koruyor. Avrupa Karayolu Ta\u015f\u0131mac\u0131lar\u0131 \u00d6rg\u00fct\u00fc (OTRE), karar\u0131 &#8220;beklenmedik&#8221; olarak nitelendirerek sekt\u00f6rdeki derin endi\u015felerini dile getirdi.<\/p>\n<p>BlaBlaCar, otob\u00fcs ta\u015f\u0131mac\u0131l\u0131\u011f\u0131 sekt\u00f6r\u00fcne iddial\u0131 bir giri\u015f yaparak 2019 y\u0131l\u0131nda Frans\u0131z Devlet Demiryollar\u0131 (SNCF) b\u00fcnyesinde faaliyet g\u00f6steren Ouibus&#8217;u devralm\u0131\u015ft\u0131.&nbsp;<\/p>\n","protected":false},"excerpt":{"rendered":"<p>Avrupa&#8217;n\u0131n \u00f6nemli otob\u00fcs ta\u015f\u0131mac\u0131l\u0131\u011f\u0131 oyuncular\u0131ndan BlaBlaCar Bus, operasyonel ve finansal engelleri a\u015famayarak sekt\u00f6rden \u00e7ekilme karar\u0131 ald\u0131\u011f\u0131n\u0131 duyurdu. D\u00fc\u015f\u00fck maliyetli bilet stratejisiyle milyonlarca yolcunun tercihi haline gelen \u015firket, yedi y\u0131l s\u00fcren maceras\u0131n\u0131n ard\u0131ndan 2026 y\u0131l\u0131n\u0131n sonunda otob\u00fcs piyasas\u0131ndan tamamen ayr\u0131lacak. OPERASYONEL ZORLUKLAR VE Y\u00dcKSELEN MAL\u0130YETLER SONU OLDU \u015eirket y\u00f6netiminden yap\u0131lan a\u00e7\u0131klamada, radikal karar\u0131n arkas\u0131ndaki temel nedenler [&hellip;]<\/p>\n","protected":false},"author":0,"featured_media":3265,"comment_status":"open","ping_status":"open","sticky":false,"template":"","format":"standard","meta":{"footnotes":""},"categories":[15],"tags":[536,94,168],"class_list":["post-3264","post","type-post","status-publish","format-standard","has-post-thumbnail","hentry","category-gundem","tag-avrupa","tag-dunya","tag-ulasim"],"_links":{"self":[{"href":"https:\/\/sunpress4.com\/index.php\/wp-json\/wp\/v2\/posts\/3264","targetHints":{"allow":["GET"]}}],"collection":[{"href":"https:\/\/sunpress4.com\/index.php\/wp-json\/wp\/v2\/posts"}],"about":[{"href":"https:\/\/sunpress4.com\/index.php\/wp-json\/wp\/v2\/types\/post"}],"replies":[{"embeddable":true,"href":"https:\/\/sunpress4.com\/index.php\/wp-json\/wp\/v2\/comments?post=3264"}],"version-history":[{"count":1,"href":"https:\/\/sunpress4.com\/index.php\/wp-json\/wp\/v2\/posts\/3264\/revisions"}],"predecessor-version":[{"id":3266,"href":"https:\/\/sunpress4.com\/index.php\/wp-json\/wp\/v2\/posts\/3264\/revisions\/3266"}],"wp:featuredmedia":[{"embeddable":true,"href":"https:\/\/sunpress4.com\/index.php\/wp-json\/wp\/v2\/media\/3265"}],"wp:attachment":[{"href":"https:\/\/sunpress4.com\/index.php\/wp-json\/wp\/v2\/media?parent=3264"}],"wp:term":[{"taxonomy":"category","embeddable":true,"href":"https:\/\/sunpress4.com\/index.php\/wp-json\/wp\/v2\/categories?post=3264"},{"taxonomy":"post_tag","embeddable":true,"href":"https:\/\/sunpress4.com\/index.php\/wp-json\/wp\/v2\/tags?post=3264"}],"curies":[{"name":"wp","href":"https:\/\/api.w.org\/{rel}","templated":true}]}}