{"id":3269,"date":"2026-04-26T12:00:21","date_gmt":"2026-04-26T09:00:21","guid":{"rendered":"https:\/\/sunpress4.com\/index.php\/2026\/04\/26\/italyada-buyuk-hakem-skandali-istifalar-havada-ucustu-interin-adi-geciyor\/"},"modified":"2026-04-26T12:00:23","modified_gmt":"2026-04-26T09:00:23","slug":"italyada-buyuk-hakem-skandali-istifalar-havada-ucustu-interin-adi-geciyor","status":"publish","type":"post","link":"https:\/\/sunpress4.com\/index.php\/2026\/04\/26\/italyada-buyuk-hakem-skandali-istifalar-havada-ucustu-interin-adi-geciyor\/","title":{"rendered":"\u0130talya&#8217;da b\u00fcy\u00fck hakem skandal\u0131! \u0130stifalar havada u\u00e7u\u015ftu, Inter&#8217;in ad\u0131 ge\u00e7iyor&#8230;"},"content":{"rendered":"<p>\u0130talyan futbolunda b\u00fcy\u00fck yank\u0131 uyand\u0131ran bir geli\u015fme ya\u015fand\u0131: \u0130talyan Hakemler Birli\u011fi&#8217;nin kritik sorumlusu Gianluca Rocchi hakk\u0131nda &#8220;spor doland\u0131r\u0131c\u0131l\u0131\u011f\u0131na i\u015ftirak&#8221; su\u00e7lamas\u0131yla kapsaml\u0131 bir soru\u015fturma ba\u015flat\u0131ld\u0131. Bu \u015fok edici soru\u015fturma, eski yard\u0131mc\u0131 hakem Domenico Rocca taraf\u0131ndan \u0130talyan Hakemler Birli\u011fi&#8217;ne g\u00f6nderilen detayl\u0131 bir \u015fikayet mektubunun ard\u0131ndan h\u0131z kazand\u0131. La Gazzetta dello Sport&#8217;un man\u015fetlere ta\u015f\u0131d\u0131\u011f\u0131 habere g\u00f6re, Rocchi&#8217;nin ad\u0131 geni\u015f \u00e7apl\u0131 bir hakem skandal\u0131yla an\u0131l\u0131yor.<\/p>\n<p>Soru\u015fturma kapsam\u0131nda Gianluca Rocchi, tam \u00fc\u00e7 farkl\u0131 ciddi su\u00e7lamayla kar\u015f\u0131 kar\u015f\u0131ya. Bu su\u00e7lamalar\u0131n ikisi hakem atamalar\u0131n\u0131 manip\u00fcle etme iddialar\u0131n\u0131 i\u00e7erirken, bir di\u011feri ise kritik VAR (Video Yard\u0131mc\u0131 Hakem) protokol\u00fcn\u00fc ihlal etme iddias\u0131na dayan\u0131yor. S\u00f6z konusu \u015faibeli ma\u00e7lar\u0131n, ge\u00e7ti\u011fimiz futbol sezonunda Inter&#8217;in \u0130talya Kupas\u0131&#8217;nda oynad\u0131\u011f\u0131 iki \u00f6nemli kar\u015f\u0131la\u015fma ve bir de Udinese ile Parma aras\u0131nda ge\u00e7en m\u00fccadele oldu\u011fu belirtildi.<\/p>\n<p>Gianluca Rocchi&#8217;ye y\u00f6neltilen su\u00e7lamalar olduk\u00e7a detayl\u0131 ve \u00e7arp\u0131c\u0131. \u0130ddialara g\u00f6re Rocchi, 20 Nisan 2025 tarihindeki Bologna-Inter \u0130talya Kupas\u0131 ma\u00e7\u0131na Andrea Colombo\u2019nun atanmas\u0131n\u0131 kasten sa\u011flad\u0131. Ayr\u0131ca, Inter taraf\u0131ndan pek de tercih edilmeyen hakemlerden biri olarak bilinen Daniele Doveri&#8217;nin Milan-Inter yar\u0131 final ma\u00e7\u0131na atanmas\u0131n\u0131 organize ederek, Doveri&#8217;nin sonraki kritik m\u00fccadelelerde g\u00f6rev almas\u0131n\u0131 engelledi\u011fi \u00f6ne s\u00fcr\u00fcl\u00fcyor. \u00dc\u00e7\u00fcnc\u00fc ve en dikkat \u00e7ekici su\u00e7lama ise Udinese-Parma m\u00fcsabakas\u0131nda VAR protokol\u00fcn\u00fcn kas\u0131tl\u0131 olarak ihlal edilmesi ve hakemin Udinese lehine haks\u0131z bir penalt\u0131 karar\u0131 vermeye y\u00f6nlendirilmesi.<\/p>\n<p>Bu geli\u015fmelerin ard\u0131ndan \u0130talyan haber ajans\u0131 ANSA&#8217;ya \u00f6zel a\u00e7\u0131klamalarda bulunan Rocchi, g\u00f6revinden ayr\u0131ld\u0131\u011f\u0131n\u0131 duyurdu. Rocchi, &#8220;Bug\u00fcnk\u00fc olayla ilgili olarak, y\u00fcr\u00fct\u00fclen soru\u015fturman\u0131n sel\u00e2meti ve \u0130talya Hakemler Birli\u011fi&#8217;nin itibar\u0131 i\u00e7in g\u00f6revimden ayr\u0131lma karar\u0131 ald\u0131m. Ailemle birlikte payla\u015ft\u0131\u011f\u0131m bu olduk\u00e7a ac\u0131 ve zor karar, yarg\u0131 s\u00fcrecinin \u015feffaf ve sorunsuz ilerlemesini temin etme amac\u0131 ta\u015f\u0131maktad\u0131r. Bu s\u00fcre\u00e7ten yara almadan ve eskisinden daha g\u00fc\u00e7l\u00fc bir \u015fekilde \u00e7\u0131kaca\u011f\u0131ma eminim.&#8221; ifadelerini kulland\u0131.<\/p>\n","protected":false},"excerpt":{"rendered":"<p>\u0130talyan futbolunda b\u00fcy\u00fck yank\u0131 uyand\u0131ran bir geli\u015fme ya\u015fand\u0131: \u0130talyan Hakemler Birli\u011fi&#8217;nin kritik sorumlusu Gianluca Rocchi hakk\u0131nda &#8220;spor doland\u0131r\u0131c\u0131l\u0131\u011f\u0131na i\u015ftirak&#8221; su\u00e7lamas\u0131yla kapsaml\u0131 bir soru\u015fturma ba\u015flat\u0131ld\u0131. Bu \u015fok edici soru\u015fturma, eski yard\u0131mc\u0131 hakem Domenico Rocca taraf\u0131ndan \u0130talyan Hakemler Birli\u011fi&#8217;ne g\u00f6nderilen detayl\u0131 bir \u015fikayet mektubunun ard\u0131ndan h\u0131z kazand\u0131. La Gazzetta dello Sport&#8217;un man\u015fetlere ta\u015f\u0131d\u0131\u011f\u0131 habere g\u00f6re, Rocchi&#8217;nin ad\u0131 [&hellip;]<\/p>\n","protected":false},"author":0,"featured_media":3270,"comment_status":"open","ping_status":"open","sticky":false,"template":"","format":"standard","meta":{"footnotes":""},"categories":[32],"tags":[],"class_list":["post-3269","post","type-post","status-publish","format-standard","has-post-thumbnail","hentry","category-spor"],"_links":{"self":[{"href":"https:\/\/sunpress4.com\/index.php\/wp-json\/wp\/v2\/posts\/3269","targetHints":{"allow":["GET"]}}],"collection":[{"href":"https:\/\/sunpress4.com\/index.php\/wp-json\/wp\/v2\/posts"}],"about":[{"href":"https:\/\/sunpress4.com\/index.php\/wp-json\/wp\/v2\/types\/post"}],"replies":[{"embeddable":true,"href":"https:\/\/sunpress4.com\/index.php\/wp-json\/wp\/v2\/comments?post=3269"}],"version-history":[{"count":1,"href":"https:\/\/sunpress4.com\/index.php\/wp-json\/wp\/v2\/posts\/3269\/revisions"}],"predecessor-version":[{"id":3271,"href":"https:\/\/sunpress4.com\/index.php\/wp-json\/wp\/v2\/posts\/3269\/revisions\/3271"}],"wp:featuredmedia":[{"embeddable":true,"href":"https:\/\/sunpress4.com\/index.php\/wp-json\/wp\/v2\/media\/3270"}],"wp:attachment":[{"href":"https:\/\/sunpress4.com\/index.php\/wp-json\/wp\/v2\/media?parent=3269"}],"wp:term":[{"taxonomy":"category","embeddable":true,"href":"https:\/\/sunpress4.com\/index.php\/wp-json\/wp\/v2\/categories?post=3269"},{"taxonomy":"post_tag","embeddable":true,"href":"https:\/\/sunpress4.com\/index.php\/wp-json\/wp\/v2\/tags?post=3269"}],"curies":[{"name":"wp","href":"https:\/\/api.w.org\/{rel}","templated":true}]}}