{"id":3282,"date":"2026-04-27T00:00:33","date_gmt":"2026-04-26T21:00:33","guid":{"rendered":"https:\/\/sunpress4.com\/index.php\/2026\/04\/27\/kerkukte-korkunc-kaza-6-olu-16-yarali\/"},"modified":"2026-04-27T00:00:34","modified_gmt":"2026-04-26T21:00:34","slug":"kerkukte-korkunc-kaza-6-olu-16-yarali","status":"publish","type":"post","link":"https:\/\/sunpress4.com\/index.php\/2026\/04\/27\/kerkukte-korkunc-kaza-6-olu-16-yarali\/","title":{"rendered":"Kerk\u00fck&#8217;te korkun\u00e7 kaza: 6 \u00f6l\u00fc, 16 yaral\u0131"},"content":{"rendered":"<p>Irak&#8217;\u0131n Kerk\u00fck kentindeki S\u00fcleymaniye kara yolu giri\u015finde meydana gelen korkun\u00e7 zincirleme trafik kazas\u0131, b\u00f6lgeyi yasa bo\u011fdu. Bir TIR ile \u00e7ok say\u0131da binek arac\u0131n kar\u0131\u015ft\u0131\u011f\u0131 feci kaza sonucunda olay yerinde b\u00fcy\u00fck \u00e7apl\u0131 bir yang\u0131n \u00e7\u0131kt\u0131.<\/p>\n<h3>ARA\u00c7LAR ALEV ALEV YANDI<\/h3>\n<p>Yetkililerden yap\u0131lan ilk a\u00e7\u0131klamalara g\u00f6re, \u00e7arp\u0131\u015fman\u0131n etkisiyle bir\u00e7ok arac\u0131n alev topuna d\u00f6nd\u00fc\u011f\u00fc ve yang\u0131n\u0131 kontrol alt\u0131na alma \u00e7al\u0131\u015fmalar\u0131n\u0131n h\u0131z kesmeden devam etti\u011fi belirtildi. Yang\u0131n\u0131n \u015fiddeti nedeniyle b\u00f6lgeye \u00e7ok say\u0131da itfaiye ve sa\u011fl\u0131k ekibi sevk edildi.<\/p>\n<h3>ACI B\u0130LAN\u00c7O: 6 CAN KAYBI, 16 YARALI<\/h3>\n<p>Bu elim kazan\u0131n ard\u0131ndan gelen ilk bilgiler, 6 ki\u015finin ya\u015fam\u0131n\u0131 yitirdi\u011fini ve 16 ki\u015finin de yaraland\u0131\u011f\u0131n\u0131 bildirdi. Yaral\u0131lar, olay yerine gelen sa\u011fl\u0131k ekiplerince \u00e7evredeki hastanelere sevk edilirken, hayat\u0131n\u0131 kaybedenlerin kimlik tespit \u00e7al\u0131\u015fmalar\u0131 s\u00fcrd\u00fcr\u00fcl\u00fcyor. Kerk\u00fck&#8217;\u00fcn S\u00fcleymaniye yolu giri\u015finde meydana gelen bu trajik olayla ilgili geni\u015f \u00e7apl\u0131 soru\u015fturma ba\u015flat\u0131ld\u0131.<\/p>\n","protected":false},"excerpt":{"rendered":"<p>Irak&#8217;\u0131n Kerk\u00fck kentindeki S\u00fcleymaniye kara yolu giri\u015finde meydana gelen korkun\u00e7 zincirleme trafik kazas\u0131, b\u00f6lgeyi yasa bo\u011fdu. Bir TIR ile \u00e7ok say\u0131da binek arac\u0131n kar\u0131\u015ft\u0131\u011f\u0131 feci kaza sonucunda olay yerinde b\u00fcy\u00fck \u00e7apl\u0131 bir yang\u0131n \u00e7\u0131kt\u0131. ARA\u00c7LAR ALEV ALEV YANDI Yetkililerden yap\u0131lan ilk a\u00e7\u0131klamalara g\u00f6re, \u00e7arp\u0131\u015fman\u0131n etkisiyle bir\u00e7ok arac\u0131n alev topuna d\u00f6nd\u00fc\u011f\u00fc ve yang\u0131n\u0131 kontrol alt\u0131na alma [&hellip;]<\/p>\n","protected":false},"author":0,"featured_media":3283,"comment_status":"open","ping_status":"open","sticky":false,"template":"","format":"standard","meta":{"footnotes":""},"categories":[15],"tags":[94,194,540,512],"class_list":["post-3282","post","type-post","status-publish","format-standard","has-post-thumbnail","hentry","category-gundem","tag-dunya","tag-irak","tag-kerkuk","tag-trafik"],"_links":{"self":[{"href":"https:\/\/sunpress4.com\/index.php\/wp-json\/wp\/v2\/posts\/3282","targetHints":{"allow":["GET"]}}],"collection":[{"href":"https:\/\/sunpress4.com\/index.php\/wp-json\/wp\/v2\/posts"}],"about":[{"href":"https:\/\/sunpress4.com\/index.php\/wp-json\/wp\/v2\/types\/post"}],"replies":[{"embeddable":true,"href":"https:\/\/sunpress4.com\/index.php\/wp-json\/wp\/v2\/comments?post=3282"}],"version-history":[{"count":1,"href":"https:\/\/sunpress4.com\/index.php\/wp-json\/wp\/v2\/posts\/3282\/revisions"}],"predecessor-version":[{"id":3284,"href":"https:\/\/sunpress4.com\/index.php\/wp-json\/wp\/v2\/posts\/3282\/revisions\/3284"}],"wp:featuredmedia":[{"embeddable":true,"href":"https:\/\/sunpress4.com\/index.php\/wp-json\/wp\/v2\/media\/3283"}],"wp:attachment":[{"href":"https:\/\/sunpress4.com\/index.php\/wp-json\/wp\/v2\/media?parent=3282"}],"wp:term":[{"taxonomy":"category","embeddable":true,"href":"https:\/\/sunpress4.com\/index.php\/wp-json\/wp\/v2\/categories?post=3282"},{"taxonomy":"post_tag","embeddable":true,"href":"https:\/\/sunpress4.com\/index.php\/wp-json\/wp\/v2\/tags?post=3282"}],"curies":[{"name":"wp","href":"https:\/\/api.w.org\/{rel}","templated":true}]}}