{"id":3414,"date":"2026-05-03T12:00:32","date_gmt":"2026-05-03T09:00:32","guid":{"rendered":"https:\/\/sunpress4.com\/index.php\/2026\/05\/03\/hurmuz-krizi-luks-otomobilleri-vurdu-motor-yagi-alarmi\/"},"modified":"2026-05-03T12:00:33","modified_gmt":"2026-05-03T09:00:33","slug":"hurmuz-krizi-luks-otomobilleri-vurdu-motor-yagi-alarmi","status":"publish","type":"post","link":"https:\/\/sunpress4.com\/index.php\/2026\/05\/03\/hurmuz-krizi-luks-otomobilleri-vurdu-motor-yagi-alarmi\/","title":{"rendered":"H\u00fcrm\u00fcz krizi l\u00fcks otomobilleri vurdu: Motor ya\u011f\u0131 alarm\u0131"},"content":{"rendered":"<p>H\u00fcrm\u00fcz Bo\u011faz\u0131&#8217;nda \u0130ran&#8217;la ya\u015fanan gerilimler, k\u00fcresel enerji piyasalar\u0131n\u0131n yan\u0131 s\u0131ra otomotiv end\u00fcstrisini de temelden etkiliyor. \u00d6zellikle \u00fcst d\u00fczey l\u00fcks ve y\u00fcksek performansl\u0131 ta\u015f\u0131tlar i\u00e7in hayati \u00f6nem ta\u015f\u0131yan sentetik motor ya\u011f\u0131 hammaddelerinin tedarikinde b\u00fcy\u00fck bir krizin e\u015fi\u011findeyiz.<\/p>\n<h3>SENTET\u0130K MOTOR YA\u011eI TEDAR\u0130K\u0130NDE K\u00dcRESEL SIKINTI<\/h3>\n<p>S\u00fcper spor ve premium segment ara\u00e7lar\u0131n kulland\u0131\u011f\u0131 y\u00fcksek performansl\u0131 ya\u011flar\u0131n ana maddesi olan &#8220;Grup III&#8221; baz ya\u011flar\u0131nda d\u00fcnya genelinde ciddi bir daralma g\u00f6zlemleniyor. K\u00fcresel \u00fcretimin be\u015fte birini kar\u015f\u0131layan K\u00f6rfez b\u00f6lgesindeki aksakl\u0131klar, bu s\u0131k\u0131nt\u0131n\u0131n etkisini katlayarak art\u0131r\u0131yor. Sekt\u00f6r uzmanlar\u0131, mevcut rezervlerin k\u0131sa zamanda t\u00fckenme riskine kar\u015f\u0131 uyar\u0131yor.<\/p>\n<h3>KR\u0130Z, TEDAR\u0130K Z\u0130NC\u0130R\u0130N\u0130 ZORLUYOR<\/h3>\n<p>B\u00f6lgedeki siyasi gerilimler, \u00fcretim ve lojistik operasyonlar\u0131n\u0131 sekteye u\u011fratarak k\u00fcresel tedarik zincirinde \u00f6nemli bir bask\u0131 yarat\u0131yor. Katar&#8217;daki Shell tesislerinde meydana gelen zararlar ve G\u00fcney Kore&#8217;nin uygulad\u0131\u011f\u0131 ihracat k\u0131s\u0131tlamalar\u0131, bu krizin \u015fiddetini art\u0131ran kilit etkenler olarak \u00f6ne \u00e7\u0131k\u0131yor.<\/p>\n<h3>BAZ YA\u011e F\u0130YATLARINDA TAR\u0130H\u0130 Y\u00dcKSEL\u0130\u015e<\/h3>\n<p>Kuzey Avrupa piyasalar\u0131nda baz ya\u011f fiyatlar\u0131, \u00e7at\u0131\u015fmalar\u0131n ba\u015flang\u0131c\u0131ndan bu yana yakla\u015f\u0131k iki kat\u0131na \u00e7\u0131karak e\u015fi benzeri g\u00f6r\u00fclmemi\u015f seviyelere ula\u015ft\u0131. Bu maliyet art\u0131\u015f\u0131, hem otomobil \u00fcreticilerini hem de t\u00fcketicileri ciddi anlamda etkiliyor.<\/p>\n<h3>KR\u0130Z\u0130N ETK\u0130LER\u0130 2027&#8217;YE KADAR S\u00dcREB\u0130L\u0130R<\/h3>\n<p>Sekt\u00f6r analistleri, mevcut krizin ge\u00e7ici olmaktan uzak oldu\u011funa i\u015faret ediyor. Uzman g\u00f6r\u00fc\u015fleri, motor ya\u011f\u0131 fiyatlar\u0131n\u0131n art\u0131\u015f e\u011filimini s\u00fcrd\u00fcrece\u011fini ve \u00fcr\u00fcn tedarikinin 2027 y\u0131l\u0131na kadar zorlu ko\u015fullar alt\u0131nda kalaca\u011f\u0131n\u0131 \u00f6ng\u00f6r\u00fcyor.<\/p>\n","protected":false},"excerpt":{"rendered":"<p>H\u00fcrm\u00fcz Bo\u011faz\u0131&#8217;nda \u0130ran&#8217;la ya\u015fanan gerilimler, k\u00fcresel enerji piyasalar\u0131n\u0131n yan\u0131 s\u0131ra otomotiv end\u00fcstrisini de temelden etkiliyor. \u00d6zellikle \u00fcst d\u00fczey l\u00fcks ve y\u00fcksek performansl\u0131 ta\u015f\u0131tlar i\u00e7in hayati \u00f6nem ta\u015f\u0131yan sentetik motor ya\u011f\u0131 hammaddelerinin tedarikinde b\u00fcy\u00fck bir krizin e\u015fi\u011findeyiz. SENTET\u0130K MOTOR YA\u011eI TEDAR\u0130K\u0130NDE K\u00dcRESEL SIKINTI S\u00fcper spor ve premium segment ara\u00e7lar\u0131n kulland\u0131\u011f\u0131 y\u00fcksek performansl\u0131 ya\u011flar\u0131n ana maddesi olan [&hellip;]<\/p>\n","protected":false},"author":0,"featured_media":3415,"comment_status":"open","ping_status":"open","sticky":false,"template":"","format":"standard","meta":{"footnotes":""},"categories":[15],"tags":[94,97,100,472],"class_list":["post-3414","post","type-post","status-publish","format-standard","has-post-thumbnail","hentry","category-gundem","tag-dunya","tag-ekonomi","tag-guncel","tag-hurmuz-bogazi"],"_links":{"self":[{"href":"https:\/\/sunpress4.com\/index.php\/wp-json\/wp\/v2\/posts\/3414","targetHints":{"allow":["GET"]}}],"collection":[{"href":"https:\/\/sunpress4.com\/index.php\/wp-json\/wp\/v2\/posts"}],"about":[{"href":"https:\/\/sunpress4.com\/index.php\/wp-json\/wp\/v2\/types\/post"}],"replies":[{"embeddable":true,"href":"https:\/\/sunpress4.com\/index.php\/wp-json\/wp\/v2\/comments?post=3414"}],"version-history":[{"count":1,"href":"https:\/\/sunpress4.com\/index.php\/wp-json\/wp\/v2\/posts\/3414\/revisions"}],"predecessor-version":[{"id":3416,"href":"https:\/\/sunpress4.com\/index.php\/wp-json\/wp\/v2\/posts\/3414\/revisions\/3416"}],"wp:featuredmedia":[{"embeddable":true,"href":"https:\/\/sunpress4.com\/index.php\/wp-json\/wp\/v2\/media\/3415"}],"wp:attachment":[{"href":"https:\/\/sunpress4.com\/index.php\/wp-json\/wp\/v2\/media?parent=3414"}],"wp:term":[{"taxonomy":"category","embeddable":true,"href":"https:\/\/sunpress4.com\/index.php\/wp-json\/wp\/v2\/categories?post=3414"},{"taxonomy":"post_tag","embeddable":true,"href":"https:\/\/sunpress4.com\/index.php\/wp-json\/wp\/v2\/tags?post=3414"}],"curies":[{"name":"wp","href":"https:\/\/api.w.org\/{rel}","templated":true}]}}