{"id":6009,"date":"2026-08-31T00:00:20","date_gmt":"2026-08-30T21:00:20","guid":{"rendered":"https:\/\/sunpress4.com\/index.php\/2026\/08\/31\/finans-3\/"},"modified":"2026-08-31T00:00:21","modified_gmt":"2026-08-30T21:00:21","slug":"finans-3","status":"publish","type":"post","link":"https:\/\/sunpress4.com\/index.php\/2026\/08\/31\/finans-3\/","title":{"rendered":"<a href=\"\/finans\/\">F\u0130NANS<\/a>"},"content":{"rendered":"<p>Amerika Birle\u015fik Devletleri Ba\u015fkan\u0131 Donald Trump, Kanada ile y\u00fckselen ticaret gerilimlerinin ortas\u0131nda, Kanadal\u0131 \u015firketlere \u00fclkesine ta\u015f\u0131nmalar\u0131 y\u00f6n\u00fcnde \u00e7arp\u0131c\u0131 bir \u00e7a\u011fr\u0131da bulundu. Trump, ABD ile ticari faaliyetleri bulunan Kanada merkezli i\u015fletmelerin operasyonlar\u0131n\u0131 Amerika&#8217;ya kayd\u0131rmalar\u0131 halinde, geri d\u00f6nen \u015firketlere herhangi bir ek tarife uygulanmayaca\u011f\u0131 s\u00f6z\u00fcn\u00fc verdi.<\/p>\n<h3>Trump&#8217;tan Sosyal Medyadan Acil \u00c7a\u011fr\u0131: &#8220;Derhal ABD&#8217;ye Gelin&#8221;<\/h3>\n<p>Ba\u015fkan Trump, resmi sosyal medya hesab\u0131 \u00fczerinden yapt\u0131\u011f\u0131 a\u00e7\u0131klamada, ABD pazar\u0131yla i\u015f yapan t\u00fcm Kanadal\u0131 \u015firketlere a\u00e7\u0131k\u00e7a seslendi. Payla\u015f\u0131m\u0131nda, \u201cAmerika ile i\u015f yapan t\u00fcm Kanadal\u0131 \u015firketler derhal Amerika Birle\u015fik Devletleri\u2019ne ta\u015f\u0131ns\u0131n\u201d ifadelerini kullanan Trump, daha \u00f6nce baz\u0131 firmalar\u0131n ABD&#8217;den Kanada&#8217;ya ge\u00e7ti\u011fini iddia ederek bu hamlenin \u00f6nemini vurgulad\u0131.<\/p>\n<h3>&#8220;Geri D\u00f6nenlere G\u00fcmr\u00fck Vergisi Muafiyeti&#8221; Vaadi<\/h3>\n<p>Amerika Ba\u015fkan\u0131 Trump, Kanada&#8217;ya yerle\u015fen firmalar\u0131n yeniden ABD topraklar\u0131na d\u00f6nmeleri durumunda herhangi bir g\u00fcmr\u00fck vergisiyle kar\u015f\u0131la\u015fmayacaklar\u0131n\u0131n garantisini verdi. Sosyal medya payla\u015f\u0131m\u0131nda net bir dille, \u201cTekrar ta\u015f\u0131nd\u0131\u011f\u0131n\u0131zda tarife yok\u201d mesaj\u0131n\u0131 yineleyen Trump, Kanada merkezli \u015firketlerin ABD&#8217;ye do\u011fru bir e\u011filim i\u00e7inde oldu\u011funu savundu. \u00dclkesinin \u00f6zellikle otomotiv sekt\u00f6r\u00fcndeki yerli \u00fcretim kapasitesini \u00f6nemli \u00f6l\u00e7\u00fcde art\u0131raca\u011f\u0131n\u0131 da s\u00f6zlerine ekledi.<\/p>\n<h3>Washington ve Ottawa Aras\u0131nda Ticaret Gerilimi T\u0131rman\u0131yor<\/h3>\n<p>Ba\u015fkan Trump&#8217;\u0131n bu \u00e7a\u011fr\u0131s\u0131, Washington ile Kanada&#8217;n\u0131n ba\u015fkenti Ottawa aras\u0131ndaki ticaret anla\u015fmazl\u0131\u011f\u0131n\u0131n giderek k\u0131z\u0131\u015ft\u0131\u011f\u0131 bir s\u00fcrece denk geldi. ABD, 22 A\u011fustos&#8217;tan itibaren de\u011feri yakla\u015f\u0131k 27,6 milyar dolar\u0131 bulan Kanada men\u015feli \u00fcr\u00fcnlere y\u00fczde 50 oran\u0131nda ek g\u00fcmr\u00fck vergisi uygulamaya ba\u015flarken, Kanada da bu duruma kar\u015f\u0131l\u0131k olarak ABD men\u015feli \u00fcr\u00fcnlere y\u00f6nelik misilleme tarifeleri karar\u0131 ald\u0131. Trump y\u00f6netimi, ayr\u0131ca Kanada&#8217;dan ithal edilen belirli otomotiv par\u00e7alar\u0131na ve \u00fcr\u00fcnlerine de y\u00fczde 50 oran\u0131nda ilave vergiler getirdi.<\/p>\n","protected":false},"excerpt":{"rendered":"<p>Amerika Birle\u015fik Devletleri Ba\u015fkan\u0131 Donald Trump, Kanada ile y\u00fckselen ticaret gerilimlerinin ortas\u0131nda, Kanadal\u0131 \u015firketlere \u00fclkesine ta\u015f\u0131nmalar\u0131 y\u00f6n\u00fcnde \u00e7arp\u0131c\u0131 bir \u00e7a\u011fr\u0131da bulundu. Trump, ABD ile ticari faaliyetleri bulunan Kanada merkezli i\u015fletmelerin operasyonlar\u0131n\u0131 Amerika&#8217;ya kayd\u0131rmalar\u0131 halinde, geri d\u00f6nen \u015firketlere herhangi bir ek tarife uygulanmayaca\u011f\u0131 s\u00f6z\u00fcn\u00fc verdi. Trump&#8217;tan Sosyal Medyadan Acil \u00c7a\u011fr\u0131: &#8220;Derhal ABD&#8217;ye Gelin&#8221; Ba\u015fkan Trump, resmi [&hellip;]<\/p>\n","protected":false},"author":0,"featured_media":6010,"comment_status":"open","ping_status":"open","sticky":false,"template":"","format":"standard","meta":{"footnotes":""},"categories":[15],"tags":[513,214,158,94,97,187],"class_list":["post-6009","post","type-post","status-publish","format-standard","has-post-thumbnail","hentry","category-gundem","tag-abd-baskani","tag-amerika-birlesik-devletleri","tag-donald-trump","tag-dunya","tag-ekonomi","tag-kanada"],"_links":{"self":[{"href":"https:\/\/sunpress4.com\/index.php\/wp-json\/wp\/v2\/posts\/6009","targetHints":{"allow":["GET"]}}],"collection":[{"href":"https:\/\/sunpress4.com\/index.php\/wp-json\/wp\/v2\/posts"}],"about":[{"href":"https:\/\/sunpress4.com\/index.php\/wp-json\/wp\/v2\/types\/post"}],"replies":[{"embeddable":true,"href":"https:\/\/sunpress4.com\/index.php\/wp-json\/wp\/v2\/comments?post=6009"}],"version-history":[{"count":1,"href":"https:\/\/sunpress4.com\/index.php\/wp-json\/wp\/v2\/posts\/6009\/revisions"}],"predecessor-version":[{"id":6011,"href":"https:\/\/sunpress4.com\/index.php\/wp-json\/wp\/v2\/posts\/6009\/revisions\/6011"}],"wp:featuredmedia":[{"embeddable":true,"href":"https:\/\/sunpress4.com\/index.php\/wp-json\/wp\/v2\/media\/6010"}],"wp:attachment":[{"href":"https:\/\/sunpress4.com\/index.php\/wp-json\/wp\/v2\/media?parent=6009"}],"wp:term":[{"taxonomy":"category","embeddable":true,"href":"https:\/\/sunpress4.com\/index.php\/wp-json\/wp\/v2\/categories?post=6009"},{"taxonomy":"post_tag","embeddable":true,"href":"https:\/\/sunpress4.com\/index.php\/wp-json\/wp\/v2\/tags?post=6009"}],"curies":[{"name":"wp","href":"https:\/\/api.w.org\/{rel}","templated":true}]}}