{"id":6027,"date":"2026-09-01T00:00:20","date_gmt":"2026-08-31T21:00:20","guid":{"rendered":"https:\/\/sunpress4.com\/index.php\/2026\/09\/01\/finans-4\/"},"modified":"2026-09-01T00:00:20","modified_gmt":"2026-08-31T21:00:20","slug":"finans-4","status":"publish","type":"post","link":"https:\/\/sunpress4.com\/index.php\/2026\/09\/01\/finans-4\/","title":{"rendered":"<a href=\"\/finans\/\">F\u0130NANS<\/a>"},"content":{"rendered":"<p>Almanya, kronikle\u015fen kamyon ve otob\u00fcs \u015fof\u00f6r\u00fc a\u00e7\u0131\u011f\u0131n\u0131 kapatmak i\u00e7in \u00f6nemli bir ad\u0131m att\u0131. \u00dclkenin lojistik sekt\u00f6r\u00fcndeki b\u00fcy\u00fcyen ihtiyaca yan\u0131t olarak, yabanc\u0131 s\u00fcr\u00fcc\u00fclerin mesleki yeterlilik s\u00fcre\u00e7lerini kolayla\u015ft\u0131ran yeni bir d\u00fczenleme hayata ge\u00e7irildi. Bu yenilikle birlikte, T\u00fcrk s\u00fcr\u00fcc\u00fcler i\u00e7in Almanya&#8217;da profesyonel \u015fof\u00f6rl\u00fck kariyeri hedefi daha eri\u015filebilir hale geldi.<\/p>\n<h3>Almanya&#8217;n\u0131n Kronik \u015eof\u00f6r A\u00e7\u0131\u011f\u0131na \u00c7\u00f6z\u00fcm Aray\u0131\u015f\u0131<\/h3>\n<p>Alman Federal Karayolu Ta\u015f\u0131mac\u0131l\u0131\u011f\u0131, Lojistik ve At\u0131k Y\u00f6netimi Birli\u011fi (BGL) verilerine g\u00f6re, Almanya&#8217;n\u0131n Aral\u0131k 2025 itibar\u0131yla 120 binden fazla kamyon \u015fof\u00f6r\u00fcne ihtiya\u00e7 duyaca\u011f\u0131 tahmin ediliyor. Her y\u0131l 30-35 bin s\u00fcr\u00fcc\u00fcn\u00fcn emekli olmas\u0131 ve sekt\u00f6re yaln\u0131zca 15-20 bin yeni s\u00fcr\u00fcc\u00fcn\u00fcn kat\u0131lmas\u0131, bu a\u00e7\u0131\u011f\u0131n giderek derinle\u015fti\u011fini g\u00f6steriyor. Bu tablo, Almanya&#8217;y\u0131 yabanc\u0131 i\u015f g\u00fcc\u00fcne y\u00f6nlendirirken, nitelikli s\u00fcr\u00fcc\u00fcler i\u00e7in cazip f\u0131rsatlar sunuyor.<\/p>\n<h3>Mesleki Yeterlilik S\u0131nav\u0131nda T\u00fcrk\u00e7e D\u00f6nemi Ba\u015flad\u0131<\/h3>\n<p>18 A\u011fustos&#8217;ta y\u00fcr\u00fcrl\u00fc\u011fe giren yeni d\u00fczenlemeyle birlikte, profesyonel kamyon ve otob\u00fcs \u015fof\u00f6rlerinin almak zorunda oldu\u011fu &#8220;h\u0131zland\u0131r\u0131lm\u0131\u015f temel yeterlilik s\u0131nav\u0131&#8221; art\u0131k T\u00fcrk\u00e7e olarak da yap\u0131labilecek. Daha \u00f6nce sadece Almanca dilinde ger\u00e7ekle\u015ftirilen bu s\u0131nav; \u0130ngilizce, Arnavut\u00e7a, Arap\u00e7a, H\u0131rvat\u00e7a, Leh\u00e7e, Romence, Rus\u00e7a ve Ukraynaca gibi dillerin yan\u0131 s\u0131ra T\u00fcrk\u00e7eyi de kapsayacak \u015fekilde geni\u015fletildi. Bu de\u011fi\u015fiklik, \u00f6zellikle Almanca yeterlili\u011fi hen\u00fcz istenen d\u00fczeyde olmayan T\u00fcrk ve di\u011fer yabanc\u0131 s\u00fcr\u00fcc\u00fcler i\u00e7in mesleki yeterlilik s\u00fcre\u00e7lerindeki dil engelini \u00f6nemli \u00f6l\u00e7\u00fcde azaltmay\u0131 hedefliyor.<\/p>\n<p>Ancak bu d\u00fczenlemenin, genel s\u00fcr\u00fcc\u00fc ehliyeti teorik s\u0131navlar\u0131n\u0131n T\u00fcrk\u00e7e oldu\u011fu anlam\u0131na gelmedi\u011fini belirtmek \u00f6nemlidir. T\u00fcrk\u00e7e s\u0131nav se\u00e7ene\u011fi, yaln\u0131zca ticari kamyon (C, CE s\u0131n\u0131f\u0131) ve otob\u00fcs (D s\u0131n\u0131f\u0131) \u015fof\u00f6rlerinin mesleki yeterlilik s\u00fcrecindeki h\u0131zland\u0131r\u0131lm\u0131\u015f temel yeterlilik s\u0131nav\u0131 i\u00e7in ge\u00e7erlidir. S\u00fcr\u00fcc\u00fc adaylar\u0131n\u0131n, h\u0131zland\u0131r\u0131lm\u0131\u015f temel yeterlilik kapsam\u0131nda zorunlu olan 140 saatlik e\u011fitimi tamamlamas\u0131 gerekmektedir. Bu e\u011fitimin 10 saati uygulamal\u0131 ara\u00e7 kullan\u0131m\u0131ndan olu\u015fup, e\u011fitim s\u00fcreci yine Almanca olarak y\u00fcr\u00fct\u00fclmeye devam etmektedir.<\/p>\n<h3>Almanya&#8217;da Kamyon \u015eof\u00f6r\u00fc Maa\u015flar\u0131 ve Beklentiler<\/h3>\n<p>Almanya&#8217;da kamyon \u015fof\u00f6rlerinin gelirleri, i\u015fveren, g\u00fczergah, deneyim ve \u00e7al\u0131\u015fma ko\u015fullar\u0131 gibi fakt\u00f6rlere ba\u011fl\u0131 olarak de\u011fi\u015fiklik g\u00f6sterir. Sekt\u00f6rdeki genel br\u00fct \u00fccretler belirli bir aral\u0131kta seyrederken, baz\u0131 g\u00fcncel i\u015f ilanlar\u0131nda ayl\u0131k br\u00fct 4 bin 500 Euro&#8217;ya kadar \u00e7\u0131kan maa\u015f teklifleri g\u00f6r\u00fclebilmektedir. Bu tekliflere ek olarak, prim ve harc\u0131rah gibi ek \u00f6demeler de sunulabilmektedir, bu da Almanya&#8217;da \u015fof\u00f6rl\u00fck mesle\u011fini finansal a\u00e7\u0131dan cazip k\u0131lmaktad\u0131r.<\/p>\n<h3>T\u00fcrk Ehliyeti ve Almanya&#8217;da \u00c7al\u0131\u015fma \u015eartlar\u0131: Neler Gerekiyor?<\/h3>\n<p>Yeni d\u00fczenleme, T\u00fcrk s\u00fcr\u00fcc\u00fcler i\u00e7in \u00f6nemli bir kolayl\u0131k sa\u011flasa da, T\u00fcrkiye&#8217;deki s\u00fcr\u00fcc\u00fc belgesiyle do\u011frudan Almanya&#8217;da profesyonel \u015fof\u00f6r olarak \u00e7al\u0131\u015fmak m\u00fcmk\u00fcn de\u011fildir. T\u00fcrk ehliyetinin Almanya&#8217;daki standartlara uygun hale getirilmesi, mesleki yeterlilik s\u00fcrecinin eksiksiz tamamlanmas\u0131 ve Almanya&#8217;da \u00e7al\u0131\u015fma ile vize \u015fartlar\u0131n\u0131n kar\u015f\u0131lanmas\u0131 gerekmektedir. Bu ad\u0131mlar\u0131n tamamlanmas\u0131n\u0131n ard\u0131ndan, T\u00fcrk s\u00fcr\u00fcc\u00fcler Almanya&#8217;n\u0131n lojistik sekt\u00f6r\u00fcnde kendilerine sa\u011flam bir kariyer yolu \u00e7izebilirler.<\/p>\n","protected":false},"excerpt":{"rendered":"<p>Almanya, kronikle\u015fen kamyon ve otob\u00fcs \u015fof\u00f6r\u00fc a\u00e7\u0131\u011f\u0131n\u0131 kapatmak i\u00e7in \u00f6nemli bir ad\u0131m att\u0131. \u00dclkenin lojistik sekt\u00f6r\u00fcndeki b\u00fcy\u00fcyen ihtiyaca yan\u0131t olarak, yabanc\u0131 s\u00fcr\u00fcc\u00fclerin mesleki yeterlilik s\u00fcre\u00e7lerini kolayla\u015ft\u0131ran yeni bir d\u00fczenleme hayata ge\u00e7irildi. Bu yenilikle birlikte, T\u00fcrk s\u00fcr\u00fcc\u00fcler i\u00e7in Almanya&#8217;da profesyonel \u015fof\u00f6rl\u00fck kariyeri hedefi daha eri\u015filebilir hale geldi. Almanya&#8217;n\u0131n Kronik \u015eof\u00f6r A\u00e7\u0131\u011f\u0131na \u00c7\u00f6z\u00fcm Aray\u0131\u015f\u0131 Alman Federal Karayolu [&hellip;]<\/p>\n","protected":false},"author":0,"featured_media":0,"comment_status":"open","ping_status":"open","sticky":false,"template":"","format":"standard","meta":{"footnotes":""},"categories":[15],"tags":[297,94,97,111],"class_list":["post-6027","post","type-post","status-publish","format-standard","hentry","category-gundem","tag-almanya","tag-dunya","tag-ekonomi","tag-turkiye"],"_links":{"self":[{"href":"https:\/\/sunpress4.com\/index.php\/wp-json\/wp\/v2\/posts\/6027","targetHints":{"allow":["GET"]}}],"collection":[{"href":"https:\/\/sunpress4.com\/index.php\/wp-json\/wp\/v2\/posts"}],"about":[{"href":"https:\/\/sunpress4.com\/index.php\/wp-json\/wp\/v2\/types\/post"}],"replies":[{"embeddable":true,"href":"https:\/\/sunpress4.com\/index.php\/wp-json\/wp\/v2\/comments?post=6027"}],"version-history":[{"count":1,"href":"https:\/\/sunpress4.com\/index.php\/wp-json\/wp\/v2\/posts\/6027\/revisions"}],"predecessor-version":[{"id":6028,"href":"https:\/\/sunpress4.com\/index.php\/wp-json\/wp\/v2\/posts\/6027\/revisions\/6028"}],"wp:attachment":[{"href":"https:\/\/sunpress4.com\/index.php\/wp-json\/wp\/v2\/media?parent=6027"}],"wp:term":[{"taxonomy":"category","embeddable":true,"href":"https:\/\/sunpress4.com\/index.php\/wp-json\/wp\/v2\/categories?post=6027"},{"taxonomy":"post_tag","embeddable":true,"href":"https:\/\/sunpress4.com\/index.php\/wp-json\/wp\/v2\/tags?post=6027"}],"curies":[{"name":"wp","href":"https:\/\/api.w.org\/{rel}","templated":true}]}}