{"id":6029,"date":"2026-09-01T00:00:21","date_gmt":"2026-08-31T21:00:21","guid":{"rendered":"https:\/\/sunpress4.com\/index.php\/2026\/09\/01\/ito-baskani-avdagicten-bankalara-kredi-faizlerini-asagi-cekme-cagrisi\/"},"modified":"2026-09-01T00:00:22","modified_gmt":"2026-08-31T21:00:22","slug":"ito-baskani-avdagicten-bankalara-kredi-faizlerini-asagi-cekme-cagrisi","status":"publish","type":"post","link":"https:\/\/sunpress4.com\/index.php\/2026\/09\/01\/ito-baskani-avdagicten-bankalara-kredi-faizlerini-asagi-cekme-cagrisi\/","title":{"rendered":"\u0130TO Ba\u015fkan\u0131 Avdagi\u00e7ten bankalara kredi faizlerini a\u015fa\u011f\u0131 \u00e7ekme \u00e7a\u011fr\u0131s\u0131"},"content":{"rendered":"<p>T\u00fcrkiye Ekonomisi \u0130kinci \u00c7eyrekte Toparlanma Sinyalleri Veriyor: Sanayi ve D\u0131\u015f Ticaret \u00d6ne \u00c7\u0131k\u0131yor<\/p>\n<p>\u0130stanbul Ticaret Odas\u0131 (\u0130TO) Ba\u015fkan\u0131 \u015eekib Avdagi\u00e7&#8217;in de\u011ferlendirmelerine g\u00f6re, T\u00fcrkiye ekonomisi y\u0131l\u0131n ikinci \u00e7eyre\u011finde y\u00fczde 2,3 oran\u0131nda b\u00fcy\u00fcme kaydetti. Bu b\u00fcy\u00fcme, sadece h\u0131z olarak de\u011fil, sekt\u00f6rel da\u011f\u0131l\u0131m a\u00e7\u0131s\u0131ndan da \u00f6nemli veriler sunuyor. Avdagi\u00e7, \u00f6zellikle sanayi sekt\u00f6r\u00fcndeki canlanmaya dikkat \u00e7ekerek, ilk \u00e7eyrekte y\u00fczde 0,8 daralan sanayinin, ikinci \u00e7eyrekte y\u00fczde 2,4&#8217;l\u00fck bir art\u0131\u015fla pozitif b\u00f6lgeye ge\u00e7mesini b\u00fcy\u00fcmenin kalitesi a\u00e7\u0131s\u0131ndan en de\u011ferli geli\u015fme olarak nitelendirdi.<\/p>\n<p>D\u0131\u015f Ticaret Cephesinde Olumlu \u0130yile\u015fme<\/p>\n<p>Ekonomideki iyile\u015fme sinyalleri d\u0131\u015f ticaret cephesinde de g\u00f6zlemlendi. \u0130lk \u00e7eyrekte mal ve hizmet ihracat\u0131nda ya\u015fanan y\u00fczde 12,7&#8217;lik sert d\u00fc\u015f\u00fc\u015f, ikinci \u00e7eyrekte y\u00fczde 3,4&#8217;e geriledi. \u0130thalat\u0131n y\u00fczde 6,4 azalmas\u0131yla birlikte net d\u0131\u015f talepte daha olumlu bir g\u00f6r\u00fcn\u00fcm ortaya \u00e7\u0131kt\u0131. Tar\u0131m sekt\u00f6r\u00fcndeki y\u00fczde 13,3&#8217;l\u00fck g\u00fc\u00e7l\u00fc art\u0131\u015f ve \u00e7eyreklik b\u00fcy\u00fcmenin y\u00fczde 0,1&#8217;den y\u00fczde 1,1&#8217;e y\u00fckselmesi de genel ekonomik ivmelenmeye katk\u0131da bulundu. Avdagi\u00e7, bu gidi\u015fat\u0131n olumlu oldu\u011funu ancak s\u00fcrd\u00fcr\u00fclebilirli\u011finin finansman maliyetleri konusuna ba\u011fl\u0131 oldu\u011funu belirtti.<\/p>\n<p>Yat\u0131r\u0131m ve Finansman Maliyetleri Endi\u015feleri S\u00fcr\u00fcyor<\/p>\n<p>\u0130n\u015faat sekt\u00f6r\u00fcnde y\u00fczde 1,9&#8217;luk bir daralma ve yat\u0131r\u0131m i\u015ftah\u0131ndaki yava\u015flama, b\u00fcy\u00fcmenin s\u00fcrd\u00fcr\u00fclebilirli\u011fi a\u00e7\u0131s\u0131ndan dikkat \u00e7eken unsurlar oldu. Yat\u0131r\u0131mlar, ikinci \u00e7eyrekte yaln\u0131zca y\u00fczde 0,6 art\u0131\u015f g\u00f6sterdi. \u0130TO Ba\u015fkan\u0131 Avdagi\u00e7, sanayinin toparlanmas\u0131 ve ihracattaki kayb\u0131n kapan\u0131yor olmas\u0131n\u0131n umut verici oldu\u011funu vurgularken, bu toparlanman\u0131n kal\u0131c\u0131 olmas\u0131n\u0131n yat\u0131r\u0131mlar\u0131n yeniden h\u0131z kazanmas\u0131na ba\u011fl\u0131 oldu\u011funun alt\u0131n\u0131 \u00e7izdi. Reel sekt\u00f6r \u00fczerindeki finansman maliyetleri bask\u0131s\u0131n\u0131n a\u00e7\u0131k\u00e7a g\u00f6r\u00fcld\u00fc\u011f\u00fcn\u00fc ifade eden Avdagi\u00e7, bankalar\u0131n T\u00fcrkiye Cumhuriyet Merkez Bankas\u0131&#8217;n\u0131n (TCMB) 300 baz puanl\u0131k faiz indirimine paralel olarak ticari kredi faizlerini h\u0131zla a\u015fa\u011f\u0131 \u00e7ekmesi beklentisini dile getirdi.<\/p>\n<p>S\u00fcrd\u00fcr\u00fclebilir B\u00fcy\u00fcme \u0130\u00e7in Finansman Eri\u015fimi Kritik<\/p>\n<p>Avdagi\u00e7, \u00fcretim ve ihracata y\u00f6nelik yat\u0131r\u0131mlar\u0131n finansmana daha kolay eri\u015febilmesinin, bug\u00fcnk\u00fc b\u00fcy\u00fcme rakamlar\u0131n\u0131 gelecekte istihdama ve kal\u0131c\u0131 \u00fcretim kapasitesine d\u00f6n\u00fc\u015ft\u00fcrecek en kritik ad\u0131m oldu\u011funu belirtti. Faiz indirimlerinin ticari kredilere h\u0131zla ve t\u00fcm bankac\u0131l\u0131k sekt\u00f6r\u00fcne yayg\u0131n bi\u00e7imde yans\u0131mas\u0131 ile kur-enflasyon makas\u0131n\u0131n yeniden makul d\u00fczeylere ta\u015f\u0131nmas\u0131, \u0130TO&#8217;nun en \u00f6nemli beklentileri aras\u0131nda yer al\u0131yor. Bu ad\u0131mlar, T\u00fcrkiye ekonomisinin daha sa\u011flam ve dengeli bir b\u00fcy\u00fcme patikas\u0131na ula\u015fmas\u0131nda anahtar rol oynayacak.<\/p>\n","protected":false},"excerpt":{"rendered":"<p>T\u00fcrkiye Ekonomisi \u0130kinci \u00c7eyrekte Toparlanma Sinyalleri Veriyor: Sanayi ve D\u0131\u015f Ticaret \u00d6ne \u00c7\u0131k\u0131yor \u0130stanbul Ticaret Odas\u0131 (\u0130TO) Ba\u015fkan\u0131 \u015eekib Avdagi\u00e7&#8217;in de\u011ferlendirmelerine g\u00f6re, T\u00fcrkiye ekonomisi y\u0131l\u0131n ikinci \u00e7eyre\u011finde y\u00fczde 2,3 oran\u0131nda b\u00fcy\u00fcme kaydetti. Bu b\u00fcy\u00fcme, sadece h\u0131z olarak de\u011fil, sekt\u00f6rel da\u011f\u0131l\u0131m a\u00e7\u0131s\u0131ndan da \u00f6nemli veriler sunuyor. Avdagi\u00e7, \u00f6zellikle sanayi sekt\u00f6r\u00fcndeki canlanmaya dikkat \u00e7ekerek, ilk \u00e7eyrekte y\u00fczde [&hellip;]<\/p>\n","protected":false},"author":0,"featured_media":6030,"comment_status":"open","ping_status":"open","sticky":false,"template":"","format":"standard","meta":{"footnotes":""},"categories":[2],"tags":[958,236,957],"class_list":["post-6029","post","type-post","status-publish","format-standard","has-post-thumbnail","hentry","category-ekonomi","tag-bank","tag-faiz","tag-ito"],"_links":{"self":[{"href":"https:\/\/sunpress4.com\/index.php\/wp-json\/wp\/v2\/posts\/6029","targetHints":{"allow":["GET"]}}],"collection":[{"href":"https:\/\/sunpress4.com\/index.php\/wp-json\/wp\/v2\/posts"}],"about":[{"href":"https:\/\/sunpress4.com\/index.php\/wp-json\/wp\/v2\/types\/post"}],"replies":[{"embeddable":true,"href":"https:\/\/sunpress4.com\/index.php\/wp-json\/wp\/v2\/comments?post=6029"}],"version-history":[{"count":1,"href":"https:\/\/sunpress4.com\/index.php\/wp-json\/wp\/v2\/posts\/6029\/revisions"}],"predecessor-version":[{"id":6031,"href":"https:\/\/sunpress4.com\/index.php\/wp-json\/wp\/v2\/posts\/6029\/revisions\/6031"}],"wp:featuredmedia":[{"embeddable":true,"href":"https:\/\/sunpress4.com\/index.php\/wp-json\/wp\/v2\/media\/6030"}],"wp:attachment":[{"href":"https:\/\/sunpress4.com\/index.php\/wp-json\/wp\/v2\/media?parent=6029"}],"wp:term":[{"taxonomy":"category","embeddable":true,"href":"https:\/\/sunpress4.com\/index.php\/wp-json\/wp\/v2\/categories?post=6029"},{"taxonomy":"post_tag","embeddable":true,"href":"https:\/\/sunpress4.com\/index.php\/wp-json\/wp\/v2\/tags?post=6029"}],"curies":[{"name":"wp","href":"https:\/\/api.w.org\/{rel}","templated":true}]}}