{"id":6034,"date":"2026-09-01T12:00:20","date_gmt":"2026-09-01T09:00:20","guid":{"rendered":"https:\/\/sunpress4.com\/index.php\/2026\/09\/01\/yunanistanda-gundem-turkiye-israil-ile-anlasmayi-boyle-savundular\/"},"modified":"2026-09-01T12:00:22","modified_gmt":"2026-09-01T09:00:22","slug":"yunanistanda-gundem-turkiye-israil-ile-anlasmayi-boyle-savundular","status":"publish","type":"post","link":"https:\/\/sunpress4.com\/index.php\/2026\/09\/01\/yunanistanda-gundem-turkiye-israil-ile-anlasmayi-boyle-savundular\/","title":{"rendered":"Yunanistan&#8217;da g\u00fcndem T\u00fcrkiye! \u0130srail ile anla\u015fmay\u0131 b\u00f6yle savundular"},"content":{"rendered":"<p>Yunanistan Sa\u011fl\u0131k Bakan\u0131 Adonis Georgiadis, mecliste yapt\u0131\u011f\u0131 a\u00e7\u0131klamalarla dikkatleri \u00fczerine \u00e7ekti. Georgiadis, \u0130srail ile imzalanan 3 milyar Euro&#8217;luk dev savunma anla\u015fmas\u0131n\u0131n, \u00fclkesinin stratejik \u00e7\u0131karlar\u0131 i\u00e7in hayati \u00f6nem ta\u015f\u0131d\u0131\u011f\u0131n\u0131 vurgulad\u0131.<\/p>\n<h3>Yunanistan&#8217;dan &#8220;T\u00fcrk Tehdidi&#8221; \u00c7\u0131k\u0131\u015f\u0131: \u0130srail \u0130ttifak\u0131 G\u00fcvence Alt\u0131nda<\/h3>\n<p>Yunanistan Parlamentosu&#8217;nda konu\u015fan Bakan Georgiadis, \u00fclke i\u00e7indeki sa\u011fl\u0131k politikalar\u0131 yerine \u0130srail ile kurulan ittifaka \u00f6ncelik verildi\u011fi y\u00f6n\u00fcndeki ele\u015ftirilere sert yan\u0131t verdi. Konu\u015fmas\u0131n\u0131n odak noktas\u0131na T\u00fcrkiye&#8217;yi yerle\u015ftiren Georgiadis, Yunanistan ile \u0130srail aras\u0131ndaki stratejik i\u015f birli\u011finin &#8220;T\u00fcrk tehdidine veya ba\u015fka herhangi bir tehdide kar\u015f\u0131 Yunan devletinin ba\u011f\u0131ms\u0131zl\u0131\u011f\u0131n\u0131 g\u00fcvence alt\u0131na ald\u0131\u011f\u0131n\u0131&#8221; ifade etti. Bu ittifak\u0131n &#8220;son derece kritik bir mesele&#8221; oldu\u011funu belirten Georgiadis, Atina&#8217;n\u0131n g\u00fcvenlik endi\u015felerine vurgu yapt\u0131.<\/p>\n<h3>\u0130srail ile Tarihi 3 Milyar Euro&#8217;luk Savunma Anla\u015fmas\u0131: &#8220;A\u015fil Kalkan\u0131&#8221; \u0130mzaland\u0131<\/h3>\n<p>Georgiadis&#8217;in T\u00fcrkiye&#8217;ye y\u00f6nelik bu a\u00e7\u0131klamalar\u0131, Yunanistan Savunma Bakan\u0131 Nikos Dendias&#8217;\u0131n Tel Aviv&#8217;de &#8220;A\u015fil Kalkan\u0131&#8221; olarak adland\u0131r\u0131lan stratejik bir anla\u015fmay\u0131 imzalad\u0131\u011f\u0131 d\u00f6neme rastlad\u0131. Bu \u00f6nemli anla\u015fma \u00e7er\u00e7evesinde \u0130srail, Yunanistan&#8217;a yakla\u015f\u0131k 3 milyar Euro kar\u015f\u0131l\u0131\u011f\u0131nda \u00e7ok katmanl\u0131 hava ve balistik f\u00fcze savunma sistemleri ile insans\u0131z hava ara\u00e7lar\u0131na (\u0130HA) kar\u015f\u0131 savunma altyap\u0131s\u0131 tedarik edecek. Yetkililer, bu anla\u015fman\u0131n \u0130srail ile Yunanistan aras\u0131nda \u015fimdiye kadar yap\u0131lan en b\u00fcy\u00fck savunma i\u015f birli\u011fi oldu\u011funu kaydetti. Bu geli\u015fme, Ege ve Do\u011fu Akdeniz&#8217;deki g\u00fc\u00e7 dengeleri a\u00e7\u0131s\u0131ndan \u00f6nemli bir ad\u0131m olarak de\u011ferlendiriliyor.<\/p>\n<p><img class=\"hbptMainImage ImgDetay\" width=\"300\" height=\"200\" src= \"https:\/\/foto.haberler.com\/haber\/2026\/09\/01\/yunanistanda-gundem-turkiye-is-20195825-9776_1_m.jpg\"><\/p>\n","protected":false},"excerpt":{"rendered":"<p>Yunanistan Sa\u011fl\u0131k Bakan\u0131 Adonis Georgiadis, mecliste yapt\u0131\u011f\u0131 a\u00e7\u0131klamalarla dikkatleri \u00fczerine \u00e7ekti. Georgiadis, \u0130srail ile imzalanan 3 milyar Euro&#8217;luk dev savunma anla\u015fmas\u0131n\u0131n, \u00fclkesinin stratejik \u00e7\u0131karlar\u0131 i\u00e7in hayati \u00f6nem ta\u015f\u0131d\u0131\u011f\u0131n\u0131 vurgulad\u0131. Yunanistan&#8217;dan &#8220;T\u00fcrk Tehdidi&#8221; \u00c7\u0131k\u0131\u015f\u0131: \u0130srail \u0130ttifak\u0131 G\u00fcvence Alt\u0131nda Yunanistan Parlamentosu&#8217;nda konu\u015fan Bakan Georgiadis, \u00fclke i\u00e7indeki sa\u011fl\u0131k politikalar\u0131 yerine \u0130srail ile kurulan ittifaka \u00f6ncelik verildi\u011fi y\u00f6n\u00fcndeki ele\u015ftirilere [&hellip;]<\/p>\n","protected":false},"author":0,"featured_media":6035,"comment_status":"open","ping_status":"open","sticky":false,"template":"","format":"standard","meta":{"footnotes":""},"categories":[15],"tags":[960,206,231,94,213,959,111,116],"class_list":["post-6034","post","type-post","status-publish","format-standard","has-post-thumbnail","hentry","category-gundem","tag-adonis","tag-atina","tag-binyamin-netanyahu","tag-dunya","tag-israil","tag-saglik-bakani","tag-turkiye","tag-yunanistan"],"_links":{"self":[{"href":"https:\/\/sunpress4.com\/index.php\/wp-json\/wp\/v2\/posts\/6034","targetHints":{"allow":["GET"]}}],"collection":[{"href":"https:\/\/sunpress4.com\/index.php\/wp-json\/wp\/v2\/posts"}],"about":[{"href":"https:\/\/sunpress4.com\/index.php\/wp-json\/wp\/v2\/types\/post"}],"replies":[{"embeddable":true,"href":"https:\/\/sunpress4.com\/index.php\/wp-json\/wp\/v2\/comments?post=6034"}],"version-history":[{"count":1,"href":"https:\/\/sunpress4.com\/index.php\/wp-json\/wp\/v2\/posts\/6034\/revisions"}],"predecessor-version":[{"id":6036,"href":"https:\/\/sunpress4.com\/index.php\/wp-json\/wp\/v2\/posts\/6034\/revisions\/6036"}],"wp:featuredmedia":[{"embeddable":true,"href":"https:\/\/sunpress4.com\/index.php\/wp-json\/wp\/v2\/media\/6035"}],"wp:attachment":[{"href":"https:\/\/sunpress4.com\/index.php\/wp-json\/wp\/v2\/media?parent=6034"}],"wp:term":[{"taxonomy":"category","embeddable":true,"href":"https:\/\/sunpress4.com\/index.php\/wp-json\/wp\/v2\/categories?post=6034"},{"taxonomy":"post_tag","embeddable":true,"href":"https:\/\/sunpress4.com\/index.php\/wp-json\/wp\/v2\/tags?post=6034"}],"curies":[{"name":"wp","href":"https:\/\/api.w.org\/{rel}","templated":true}]}}