{"id":6070,"date":"2026-09-03T00:00:22","date_gmt":"2026-09-02T21:00:22","guid":{"rendered":"https:\/\/sunpress4.com\/index.php\/2026\/09\/03\/ispanyada-gocmen-krizi-protestolari-buyuyor-binlerce-kisi-sokaklara-dokuldu\/"},"modified":"2026-09-03T00:00:24","modified_gmt":"2026-09-02T21:00:24","slug":"ispanyada-gocmen-krizi-protestolari-buyuyor-binlerce-kisi-sokaklara-dokuldu","status":"publish","type":"post","link":"https:\/\/sunpress4.com\/index.php\/2026\/09\/03\/ispanyada-gocmen-krizi-protestolari-buyuyor-binlerce-kisi-sokaklara-dokuldu\/","title":{"rendered":"\u0130spanya&#8217;da g\u00f6\u00e7men krizi protestolar\u0131 b\u00fcy\u00fcyor! Binlerce ki\u015fi sokaklara d\u00f6k\u00fcld\u00fc"},"content":{"rendered":"<p> \u0130spanya, Kuzey Afrika&#8217;daki \u00f6zerk kenti Sebte&#8217;de ya\u015fanan devasa d\u00fczensiz g\u00f6\u00e7men ak\u0131n\u0131n\u0131n ard\u0131ndan siyasi \u00e7alkant\u0131larla sars\u0131l\u0131yor. Fas&#8217;tan yakla\u015f\u0131k 70 bin ki\u015finin Sebte&#8217;ye ge\u00e7mesiyle tetiklenen kriz, \u0130spanyol muhalefetini harekete ge\u00e7irerek h\u00fck\u00fcmetin istifas\u0131 \u00e7a\u011fr\u0131lar\u0131yla \u00fclke genelinde b\u00fcy\u00fck protestolara yol a\u00e7t\u0131. <\/p>\n<h3>SEBTE KR\u0130Z\u0130 \u0130SPANYA&#8217;DA S\u0130YAS\u0130 GER\u0130L\u0130M\u0130 TIRANDIRIYOR<\/h3>\n<p>Geleneksel olarak \u0130spanya egemenli\u011finin kutland\u0131\u011f\u0131 2 Eyl\u00fcl &#8220;Sebte G\u00fcn\u00fc&#8221;, bu y\u0131l Fas&#8217;tan ya\u015fanan kitlesel yasa d\u0131\u015f\u0131 g\u00f6\u00e7 olaylar\u0131na tepki olarak \u00fclke \u00e7ap\u0131nda h\u00fck\u00fcmet kar\u015f\u0131t\u0131 eylemlere d\u00f6n\u00fc\u015ft\u00fc. \u0130spanya Belediyeler Federasyonu&#8217;nun \u00e7a\u011fr\u0131s\u0131yla ba\u015fkent Madrid ba\u015fta olmak \u00fczere bir\u00e7ok b\u00fcy\u00fck \u015fehirde d\u00fczenlenen g\u00f6sterilere ana muhalefet partisi Halk Partisi (PP) ve a\u015f\u0131r\u0131 sa\u011fc\u0131 Vox da destek verdi.<\/p>\n<h3>H\u00dcK\u00dcMETE Y\u00d6NEL\u0130K &#8220;\u0130ST\u0130FA&#8221; \u00c7A\u011eRILARI Y\u00dcKSEL\u0130YOR<\/h3>\n<p>G\u00f6\u00e7men krizinden yakla\u015f\u0131k bir ay sonra patlak veren bu protestolarda, binlerce \u0130spanyol vatanda\u015f Sebte&#8217;nin \u0130spanya topraklar\u0131n\u0131n ayr\u0131lmaz bir par\u00e7as\u0131 oldu\u011funa vurgu yaparken, az\u0131nl\u0131k sol koalisyon h\u00fck\u00fcmetini krizi k\u00f6t\u00fc y\u00f6netmekle su\u00e7lad\u0131. Eylemciler, \u0130spanyol bayraklar\u0131 e\u015fli\u011finde &#8220;h\u00fck\u00fcmet istifa&#8221; sloganlar\u0131yla meydanlar\u0131 doldurdu ve d\u00fczensiz g\u00f6\u00e7men sorununa acil \u00e7\u00f6z\u00fcm talep etti.<\/p>\n<h3>MUHALEFETTEN ERKEN SE\u00c7\u0130M VE BAKAN \u0130ST\u0130FASI BASKISI<\/h3>\n<p>Halk Partisi lideri Alberto Nunez Feijoo, Ba\u015fbakan Pedro Sanchez&#8217;i \u00fclkenin g\u00fcvenli\u011fini ve toprak b\u00fct\u00fcnl\u00fc\u011f\u00fcn\u00fc korumakta yetersiz kalmakla itham etti. Sebte&#8217;deki g\u00f6\u00e7 ak\u0131n\u0131n\u0131 &#8220;Fas kaynakl\u0131 organize bir operasyon&#8221; olarak nitelendiren Feijoo, Fas&#8217;\u0131 koruyan a\u00e7\u0131klamalar\u0131 nedeniyle \u0130\u00e7i\u015fleri Bakan\u0131 Fernando Grande-Marlaska&#8217;n\u0131n istifas\u0131n\u0131 ve Ba\u015fbakan Sanchez&#8217;in erken se\u00e7im karar\u0131 almas\u0131n\u0131 istedi. A\u015f\u0131r\u0131 sa\u011fc\u0131 Vox partisinin lideri Santiago Abascal ise Madrid&#8217;deki g\u00f6sterilerde Sanchez&#8217;i &#8220;tehlikeli bir psikopat&#8221; olarak tan\u0131mlayarak, &#8220;Fas rejiminin bir u\u015fa\u011f\u0131 gibi davrand\u0131\u011f\u0131n\u0131&#8221; \u00f6ne s\u00fcrd\u00fc.<\/p>\n<h3>H\u00dcK\u00dcMET\u0130 ZOR DURUMDA BIRAKAN CENIF RAPORU<\/h3>\n<p>Sa\u011f g\u00f6r\u00fc\u015fl\u00fc &#8220;El Espanol&#8221; gazetesinin yay\u0131mlad\u0131\u011f\u0131 bir rapor, \u00fclkenin ana g\u00fcndem maddesi haline geldi. Ulusal G\u00f6\u00e7 ve S\u0131n\u0131r Merkezi (CENIF) taraf\u0131ndan haz\u0131rlanan ve Emniyet M\u00fcd\u00fcrl\u00fc\u011f\u00fcne sunulan raporda, 30 Temmuz&#8217;da on binlerce d\u00fczensiz g\u00f6\u00e7menin Sebte&#8217;ye giri\u015f riski konusunda uyar\u0131 yap\u0131ld\u0131\u011f\u0131 ve Fas g\u00fcvenlik g\u00fc\u00e7lerinin bu durumu organize etti\u011fine dair i\u015faretler bulundu\u011fu belirtildi. Ba\u015fbakan Sanchez ve koalisyonun b\u00fcy\u00fck orta\u011f\u0131 PSOE&#8217;den bakanlar, daha \u00f6nce istihbarat uyar\u0131s\u0131 almad\u0131klar\u0131n\u0131 ve olaylar\u0131n arkas\u0131nda Fas y\u00f6netiminin oldu\u011funa dair bir kan\u0131t bulunmad\u0131\u011f\u0131n\u0131 iddia etse de, CENIF raporu ve sosyal medyada yay\u0131mlanan baz\u0131 g\u00f6r\u00fcnt\u00fcler h\u00fck\u00fcmeti zor durumda b\u0131rakt\u0131.<\/p>\n<p>Emniyet Genel M\u00fcd\u00fcr\u00fc Francisco Pardo, raporda Fas g\u00fcvenlik g\u00fc\u00e7lerinin olaylar\u0131 planlad\u0131\u011f\u0131na veya ger\u00e7ekle\u015ftirdi\u011fine dair bir isnat olmad\u0131\u011f\u0131n\u0131 a\u00e7\u0131klasa da, muhalefetin tepkilerini dindirmeye yetmedi. Ba\u015fbakan Sanchez&#8217;in yar\u0131n Meclis Genel Kurulu&#8217;nda Sebte olaylar\u0131 hakk\u0131nda konu\u015fmas\u0131 bekleniyor.<\/p>\n<h3>SEBTE G\u00d6\u00c7MEN KR\u0130Z\u0130 NASIL BA\u015eLADI?<\/h3>\n<p>Kriz, 30-31 Temmuz tarihlerinde Fas&#8217;\u0131n Fenidek k\u0131y\u0131lar\u0131ndan yakla\u015f\u0131k 70 bin d\u00fczensiz g\u00f6\u00e7menin, \u0130spanya&#8217;n\u0131n Kuzey Afrika&#8217;daki \u00f6zerk kenti Sebte&#8217;ye y\u00fczerek ge\u00e7mesiyle patlak verdi. \u0130spanya h\u00fck\u00fcmeti, duruma m\u00fcdahale etmek \u00fczere t\u00fcm kaynaklar\u0131n\u0131 seferber etti\u011fini a\u00e7\u0131klam\u0131\u015f ve g\u00fcvenli\u011fi sa\u011flamak amac\u0131yla silahl\u0131 kuvvetleri b\u00f6lgeye konu\u015fland\u0131rma karar\u0131 alm\u0131\u015ft\u0131. Bu olaylar s\u0131ras\u0131nda Fas&#8217;tan \u0130spanya&#8217;ya ge\u00e7meye \u00e7al\u0131\u015f\u0131rken hayat\u0131n\u0131 kaybeden d\u00fczensiz g\u00f6\u00e7men say\u0131s\u0131 88 olarak duyurulmu\u015ftu.<\/p>\n","protected":false},"excerpt":{"rendered":"<p>\u0130spanya, Kuzey Afrika&#8217;daki \u00f6zerk kenti Sebte&#8217;de ya\u015fanan devasa d\u00fczensiz g\u00f6\u00e7men ak\u0131n\u0131n\u0131n ard\u0131ndan siyasi \u00e7alkant\u0131larla sars\u0131l\u0131yor. Fas&#8217;tan yakla\u015f\u0131k 70 bin ki\u015finin Sebte&#8217;ye ge\u00e7mesiyle tetiklenen kriz, \u0130spanyol muhalefetini harekete ge\u00e7irerek h\u00fck\u00fcmetin istifas\u0131 \u00e7a\u011fr\u0131lar\u0131yla \u00fclke genelinde b\u00fcy\u00fck protestolara yol a\u00e7t\u0131. SEBTE KR\u0130Z\u0130 \u0130SPANYA&#8217;DA S\u0130YAS\u0130 GER\u0130L\u0130M\u0130 TIRANDIRIYOR Geleneksel olarak \u0130spanya egemenli\u011finin kutland\u0131\u011f\u0131 2 Eyl\u00fcl &#8220;Sebte G\u00fcn\u00fc&#8221;, bu y\u0131l Fas&#8217;tan [&hellip;]<\/p>\n","protected":false},"author":0,"featured_media":6071,"comment_status":"open","ping_status":"open","sticky":false,"template":"","format":"standard","meta":{"footnotes":""},"categories":[15],"tags":[94,174,622,100,149,777],"class_list":["post-6070","post","type-post","status-publish","format-standard","has-post-thumbnail","hentry","category-gundem","tag-dunya","tag-fas","tag-gocmen","tag-guncel","tag-ispanya","tag-kuzey-afrika"],"_links":{"self":[{"href":"https:\/\/sunpress4.com\/index.php\/wp-json\/wp\/v2\/posts\/6070","targetHints":{"allow":["GET"]}}],"collection":[{"href":"https:\/\/sunpress4.com\/index.php\/wp-json\/wp\/v2\/posts"}],"about":[{"href":"https:\/\/sunpress4.com\/index.php\/wp-json\/wp\/v2\/types\/post"}],"replies":[{"embeddable":true,"href":"https:\/\/sunpress4.com\/index.php\/wp-json\/wp\/v2\/comments?post=6070"}],"version-history":[{"count":1,"href":"https:\/\/sunpress4.com\/index.php\/wp-json\/wp\/v2\/posts\/6070\/revisions"}],"predecessor-version":[{"id":6072,"href":"https:\/\/sunpress4.com\/index.php\/wp-json\/wp\/v2\/posts\/6070\/revisions\/6072"}],"wp:featuredmedia":[{"embeddable":true,"href":"https:\/\/sunpress4.com\/index.php\/wp-json\/wp\/v2\/media\/6071"}],"wp:attachment":[{"href":"https:\/\/sunpress4.com\/index.php\/wp-json\/wp\/v2\/media?parent=6070"}],"wp:term":[{"taxonomy":"category","embeddable":true,"href":"https:\/\/sunpress4.com\/index.php\/wp-json\/wp\/v2\/categories?post=6070"},{"taxonomy":"post_tag","embeddable":true,"href":"https:\/\/sunpress4.com\/index.php\/wp-json\/wp\/v2\/tags?post=6070"}],"curies":[{"name":"wp","href":"https:\/\/api.w.org\/{rel}","templated":true}]}}