{"id":6073,"date":"2026-09-03T00:00:26","date_gmt":"2026-09-02T21:00:26","guid":{"rendered":"https:\/\/sunpress4.com\/index.php\/2026\/09\/03\/cumhurbaskani-yardimcisi-yilmaz-yeni-donem-ovpnin-detaylarini-6-eylulde-paylasacaklarini-bildirdi\/"},"modified":"2026-09-03T00:00:27","modified_gmt":"2026-09-02T21:00:27","slug":"cumhurbaskani-yardimcisi-yilmaz-yeni-donem-ovpnin-detaylarini-6-eylulde-paylasacaklarini-bildirdi","status":"publish","type":"post","link":"https:\/\/sunpress4.com\/index.php\/2026\/09\/03\/cumhurbaskani-yardimcisi-yilmaz-yeni-donem-ovpnin-detaylarini-6-eylulde-paylasacaklarini-bildirdi\/","title":{"rendered":"Cumhurba\u015fkan\u0131 Yard\u0131mc\u0131s\u0131 Y\u0131lmaz, yeni d\u00f6nem OVP&#8217;nin detaylar\u0131n\u0131 6 Eyl\u00fclde payla\u015facaklar\u0131n\u0131 bildirdi"},"content":{"rendered":"<p>Cumhurba\u015fkan\u0131 Yard\u0131mc\u0131s\u0131 Cevdet Y\u0131lmaz&#8217;\u0131n sosyal medya hesab\u0131ndan yapt\u0131\u011f\u0131 son a\u00e7\u0131klamalarla birlikte, T\u00fcrkiye ekonomisinin 2027-2029 d\u00f6nemini kapsayacak yeni Orta Vadeli Program\u0131 (OVP) haz\u0131rl\u0131klar\u0131nda sona gelindi\u011fi m\u00fcjdelendi. Bu kritik s\u00fcre\u00e7te, i\u015f d\u00fcnyas\u0131n\u0131n \u00f6nde gelen \u00e7at\u0131 kurulu\u015flar\u0131, sivil toplum \u00f6rg\u00fctleri ve sanayicilerle Cumhurba\u015fkanl\u0131\u011f\u0131 K\u00fclliyesi&#8217;nde bir araya gelindi\u011fini belirten Y\u0131lmaz, detaylar\u0131 6 Eyl\u00fcl Pazar g\u00fcn\u00fc kamuoyuyla payla\u015f\u0131lacak olan program\u0131n kat\u0131l\u0131mc\u0131 bir yakla\u015f\u0131mla haz\u0131rland\u0131\u011f\u0131n\u0131n alt\u0131n\u0131 \u00e7izdi.<\/p>\n<h3>Yeni OVP: T\u00fcrkiye Ekonomisinin Gelecek Yol Haritas\u0131<\/h3>\n<p>Toplant\u0131larda, ekonominin gelecek \u00fc\u00e7 y\u0131ll\u0131k temel makroekonomik hedefleri, politika \u00e7er\u00e7evesi ve kapsaml\u0131 yap\u0131sal reform g\u00fcndemi masaya yat\u0131r\u0131ld\u0131. \u0130\u015f d\u00fcnyas\u0131n\u0131n beklenti, g\u00f6r\u00fc\u015f ve \u00f6nerileri dikkatle dinlenerek programa dahil edildi. Strateji ve B\u00fct\u00e7e Ba\u015fkanl\u0131\u011f\u0131 ile Hazine ve Maliye Bakanl\u0131\u011f\u0131&#8217;n\u0131n koordinasyonunda, ilgili t\u00fcm bakanl\u0131k ve kurumlar\u0131n de\u011ferli katk\u0131lar\u0131yla y\u00fcr\u00fct\u00fclen haz\u0131rl\u0131klar, titiz bir \u00e7al\u0131\u015fman\u0131n ard\u0131ndan son a\u015famaya ula\u015ft\u0131. Yeni 2027-2029 OVP&#8217;nin uygulama s\u00fcrecinin de belirlenen takvim \u00e7er\u00e7evesinde yak\u0131ndan takip edilece\u011fi ifade edildi.<\/p>\n<p>Ekonominin \u00f6n\u00fcm\u00fczdeki \u00fc\u00e7 y\u0131ll\u0131k d\u00f6nemdeki rotas\u0131n\u0131 \u00e7izecek OVP, finansal istikrar\u0131n sa\u011flanmas\u0131, fiyat istikrar\u0131, s\u00fcrd\u00fcr\u00fclebilir b\u00fcy\u00fcme ve istihdam\u0131n art\u0131r\u0131lmas\u0131 gibi temel alanlarda izlenecek stratejileri belirleyecek. Kamu idarelerinin \u00f6denek teklif tavanlar\u0131 da bu kapsaml\u0131 programda yerini alacak. Program\u0131n \u00f6zellikle enflasyonla m\u00fccadele, dengeli b\u00fcy\u00fcme politikalar\u0131 ve ekonomik yap\u0131y\u0131 g\u00fc\u00e7lendirecek yap\u0131sal reformlara a\u011f\u0131rl\u0131k vermesi bekleniyor.<\/p>\n<p>Cumhurba\u015fkanl\u0131\u011f\u0131 Strateji ve B\u00fct\u00e7e Ba\u015fkanl\u0131\u011f\u0131 ile Hazine ve Maliye Bakanl\u0131\u011f\u0131 taraf\u0131ndan ortakla\u015fa haz\u0131rlanan Orta Vadeli Program, Cumhurba\u015fkan\u0131 Recep Tayyip Erdo\u011fan&#8217;\u0131n onay\u0131 ve Resmi Gazete&#8217;de yay\u0131mlanmas\u0131yla y\u00fcr\u00fcrl\u00fc\u011fe girecek. OVP, makroekonomik politikalar\u0131n \u00e7er\u00e7evesini \u00e7izerken, temel ekonomik b\u00fcy\u00fckl\u00fcklerin, gelir-gider tahminlerinin, b\u00fct\u00e7e dengesi ve bor\u00e7lanma durumunun detayl\u0131 bir projeksiyonunu sunacak. Ayr\u0131ca, \u00f6ncelikli reform alanlar\u0131n\u0131 ve uygulama takvimini de i\u00e7erecek.<\/p>\n<h3>Mevcut OVP Hedefleri ve Yeni Program\u0131n \u00d6nemi<\/h3>\n<p>Yeni 2027-2029 OVP&#8217;nin a\u00e7\u0131klanmas\u0131 \u00f6ncesinde, halihaz\u0131rda y\u00fcr\u00fcrl\u00fckte olan 2026-2028 d\u00f6nemini kapsayan OVP&#8217;deki hedefleri hat\u0131rlamak, gelecek projeksiyonlar\u0131 a\u00e7\u0131s\u0131ndan \u00f6nemli bir referans noktas\u0131 sunuyor. Mevcut OVP&#8217;de, ekonomik b\u00fcy\u00fcmenin 2026&#8217;da y\u00fczde 3,8, 2027&#8217;de y\u00fczde 4,3 ve 2028&#8217;de y\u00fczde 5 olarak ger\u00e7ekle\u015fmesi hedeflenmi\u015fti. Enflasyonun bu y\u0131l i\u00e7in y\u00fczde 16, 2027 i\u00e7in y\u00fczde 9 ve 2028 i\u00e7in y\u00fczde 8&#8217;e gerilemesi \u00f6ng\u00f6r\u00fclm\u00fc\u015ft\u00fc. B\u00fct\u00e7e a\u00e7\u0131\u011f\u0131n\u0131n gayrisafi yurt i\u00e7i has\u0131laya oran\u0131n\u0131n 2026&#8217;da y\u00fczde 3,5&#8217;ten program d\u00f6nemi sonunda y\u00fczde 2,8&#8217;e d\u00fc\u015f\u00fcr\u00fclmesi, i\u015fsizlik oran\u0131n\u0131n ise 2026&#8217;da y\u00fczde 8,4&#8217;ten 2028&#8217;de y\u00fczde 7,8&#8217;e \u00e7ekilmesi hedeflenmi\u015fti.<\/p>\n<p>D\u0131\u015f ticaret hedeflerine bak\u0131ld\u0131\u011f\u0131nda ise, mevcut programda 2027 y\u0131l\u0131 i\u00e7in 294 milyar dolar ihracat ve 393 milyar dolar ithalat \u00f6ng\u00f6r\u00fclm\u00fc\u015ft\u00fc. Yeni Orta Vadeli Program\u0131n, bu makroekonomik g\u00f6stergelerdeki hedefleri hangi y\u00f6nde revize edece\u011fi veya s\u00fcrd\u00fcrece\u011fi, T\u00fcrkiye ekonomisinin gelecek d\u00f6nemdeki y\u00f6n\u00fcn\u00fc tayin etmesi a\u00e7\u0131s\u0131ndan b\u00fcy\u00fck bir merakla bekleniyor. Program\u0131n kamuoyuyla payla\u015f\u0131lmas\u0131yla birlikte, ekonomiye y\u00f6nelik yeni ad\u0131mlar ve stratejiler netle\u015fecek.<\/p>\n","protected":false},"excerpt":{"rendered":"<p>Cumhurba\u015fkan\u0131 Yard\u0131mc\u0131s\u0131 Cevdet Y\u0131lmaz&#8217;\u0131n sosyal medya hesab\u0131ndan yapt\u0131\u011f\u0131 son a\u00e7\u0131klamalarla birlikte, T\u00fcrkiye ekonomisinin 2027-2029 d\u00f6nemini kapsayacak yeni Orta Vadeli Program\u0131 (OVP) haz\u0131rl\u0131klar\u0131nda sona gelindi\u011fi m\u00fcjdelendi. Bu kritik s\u00fcre\u00e7te, i\u015f d\u00fcnyas\u0131n\u0131n \u00f6nde gelen \u00e7at\u0131 kurulu\u015flar\u0131, sivil toplum \u00f6rg\u00fctleri ve sanayicilerle Cumhurba\u015fkanl\u0131\u011f\u0131 K\u00fclliyesi&#8217;nde bir araya gelindi\u011fini belirten Y\u0131lmaz, detaylar\u0131 6 Eyl\u00fcl Pazar g\u00fcn\u00fc kamuoyuyla payla\u015f\u0131lacak olan program\u0131n [&hellip;]<\/p>\n","protected":false},"author":0,"featured_media":6074,"comment_status":"open","ping_status":"open","sticky":false,"template":"","format":"standard","meta":{"footnotes":""},"categories":[2],"tags":[980,981,979],"class_list":["post-6073","post","type-post","status-publish","format-standard","has-post-thumbnail","hentry","category-ekonomi","tag-cumhurbaskani-yardimcisi-cevdet-yilmaz","tag-orta-vadeli-program","tag-ovp"],"_links":{"self":[{"href":"https:\/\/sunpress4.com\/index.php\/wp-json\/wp\/v2\/posts\/6073","targetHints":{"allow":["GET"]}}],"collection":[{"href":"https:\/\/sunpress4.com\/index.php\/wp-json\/wp\/v2\/posts"}],"about":[{"href":"https:\/\/sunpress4.com\/index.php\/wp-json\/wp\/v2\/types\/post"}],"replies":[{"embeddable":true,"href":"https:\/\/sunpress4.com\/index.php\/wp-json\/wp\/v2\/comments?post=6073"}],"version-history":[{"count":1,"href":"https:\/\/sunpress4.com\/index.php\/wp-json\/wp\/v2\/posts\/6073\/revisions"}],"predecessor-version":[{"id":6075,"href":"https:\/\/sunpress4.com\/index.php\/wp-json\/wp\/v2\/posts\/6073\/revisions\/6075"}],"wp:featuredmedia":[{"embeddable":true,"href":"https:\/\/sunpress4.com\/index.php\/wp-json\/wp\/v2\/media\/6074"}],"wp:attachment":[{"href":"https:\/\/sunpress4.com\/index.php\/wp-json\/wp\/v2\/media?parent=6073"}],"wp:term":[{"taxonomy":"category","embeddable":true,"href":"https:\/\/sunpress4.com\/index.php\/wp-json\/wp\/v2\/categories?post=6073"},{"taxonomy":"post_tag","embeddable":true,"href":"https:\/\/sunpress4.com\/index.php\/wp-json\/wp\/v2\/tags?post=6073"}],"curies":[{"name":"wp","href":"https:\/\/api.w.org\/{rel}","templated":true}]}}