{"id":6076,"date":"2026-09-03T00:00:35","date_gmt":"2026-09-02T21:00:35","guid":{"rendered":"https:\/\/sunpress4.com\/index.php\/2026\/09\/03\/trump-hurmuz-bogazi-icin-onerdigi-trump-bogazi-isminden-geri-adim-atti-sadece-bir-sakaydi\/"},"modified":"2026-09-03T00:00:36","modified_gmt":"2026-09-02T21:00:36","slug":"trump-hurmuz-bogazi-icin-onerdigi-trump-bogazi-isminden-geri-adim-atti-sadece-bir-sakaydi","status":"publish","type":"post","link":"https:\/\/sunpress4.com\/index.php\/2026\/09\/03\/trump-hurmuz-bogazi-icin-onerdigi-trump-bogazi-isminden-geri-adim-atti-sadece-bir-sakaydi\/","title":{"rendered":"Trump, H\u00fcrm\u00fcz Bo\u011faz\u0131 i\u00e7in \u00f6nerdi\u011fi \u201cTrump Bo\u011faz\u0131\u201d isminden geri ad\u0131m att\u0131: Sadece bir \u015fakayd\u0131"},"content":{"rendered":"<h3>Donald Trump&#8217;tan H\u00fcrm\u00fcz Bo\u011faz\u0131 \u0130\u00e7in \u015ea\u015f\u0131rt\u0131c\u0131 \u0130sim \u00d6nerisi: &#8220;Trump Bo\u011faz\u0131&#8221; \u0130ddias\u0131 ve Ger\u00e7ekler<\/h3>\n<p>Amerika Birle\u015fik Devletleri eski Ba\u015fkan\u0131 Donald Trump, d\u00fcnya jeopoliti\u011finin kilit noktalar\u0131ndan H\u00fcrm\u00fcz Bo\u011faz\u0131 hakk\u0131nda yapt\u0131\u011f\u0131 payla\u015f\u0131mla g\u00fcndeme oturdu. Trump, ABD&#8217;nin bo\u011faz \u00fczerindeki kontrol\u00fcn\u00fc \u00f6ne s\u00fcrerek, b\u00f6lgenin isminin &#8220;Trump Bo\u011faz\u0131&#8221; olarak de\u011fi\u015ftirilmesi fikrini ortaya att\u0131. Ancak bu \u00f6nerinin, ba\u015fkan\u0131n daha sonra yapt\u0131\u011f\u0131 a\u00e7\u0131klamayla sadece bir latife oldu\u011fu anla\u015f\u0131ld\u0131.<\/p>\n<h3>&#8220;Trump Bo\u011faz\u0131&#8221; \u00d6nerisi Sosyal Medyada Yank\u0131 Buldu<\/h3>\n<p>Donald Trump, sosyal medya hesab\u0131ndan yapt\u0131\u011f\u0131 payla\u015f\u0131mda H\u00fcrm\u00fcz Bo\u011faz\u0131&#8217;n\u0131n mevcut ad\u0131n\u0131n de\u011fi\u015ftirilmesi y\u00f6n\u00fcndeki s\u0131ra d\u0131\u015f\u0131 \u00f6nerisini dile getirdi. ABD Ba\u015fkan\u0131, payla\u015f\u0131m\u0131nda, &#8220;Mademki art\u0131k buras\u0131 ABD\u2019nin kontrol\u00fc alt\u0131nda, H\u00fcrm\u00fcz Bo\u011faz\u0131&#8217;n\u0131n ad\u0131n\u0131 &#8216;Trump Bo\u011faz\u0131&#8217; olarak de\u011fi\u015ftirmeli miyiz? T\u0131pk\u0131 Amerika&#8217;n\u0131n kendisi gibi, bu bo\u011faz da hi\u00e7 olmad\u0131\u011f\u0131 kadar pop\u00fcler hale gelirdi,&#8221; ifadelerini kulland\u0131. Bu a\u00e7\u0131klama, uluslararas\u0131 kamuoyunda ve medyada h\u0131zla yank\u0131 buldu.<\/p>\n<h3>Ba\u015fkan Trump&#8217;tan A\u00e7\u0131klama: &#8220;Sadece Bir Latifeydi&#8221;<\/h3>\n<p>Trump&#8217;\u0131n H\u00fcrm\u00fcz Bo\u011faz\u0131&#8217;n\u0131n ismini de\u011fi\u015ftirme \u00f6nerisi, \u00f6zellikle uluslararas\u0131 ili\u015fkiler ve co\u011frafi isimlerin \u00f6nemi konusunda ciddi tart\u0131\u015fmalar\u0131 beraberinde getirdi. Oval Ofis&#8217;te gazetecilerin sorular\u0131n\u0131 yan\u0131tlarken, kendisine H\u00fcrm\u00fcz Bo\u011faz\u0131&#8217;n\u0131n ad\u0131n\u0131 de\u011fi\u015ftirme \u00f6nerisi konusunda ciddi olup olmad\u0131\u011f\u0131 soruldu. Trump, bu soruya net bir \u015fekilde &#8220;Hay\u0131r, sadece ortaya at\u0131lm\u0131\u015f bir latifeydi&#8221; yan\u0131t\u0131n\u0131 vererek, s\u00f6zlerinin resmi bir isim de\u011fi\u015fikli\u011fi giri\u015fiminin par\u00e7as\u0131 olmad\u0131\u011f\u0131n\u0131 a\u00e7\u0131klad\u0131.<\/p>\n<h3>Trump&#8217;\u0131n Co\u011frafi \u0130sim De\u011fi\u015fikli\u011fi Ge\u00e7mi\u015fi Yeniden G\u00fcndemde<\/h3>\n<p>Donald Trump&#8217;\u0131n H\u00fcrm\u00fcz Bo\u011faz\u0131&#8217;na ili\u015fkin bu \u00e7\u0131k\u0131\u015f\u0131, daha \u00f6nceki d\u00f6nemlerde co\u011frafi isimler \u00fczerinde yapt\u0131\u011f\u0131 benzer giri\u015fimleri yeniden hat\u0131rlatt\u0131. Ba\u015fkanl\u0131\u011f\u0131 s\u0131ras\u0131nda, 2025&#8217;te g\u00f6reve geldikten sonra Meksika K\u00f6rfezi&#8217;nin ad\u0131n\u0131n &#8220;Amerika K\u00f6rfezi&#8221; olarak de\u011fi\u015ftirilmesini \u00f6ng\u00f6ren bir kararname imzalam\u0131\u015ft\u0131. Bu kararname, Meksika y\u00f6netiminin, uluslararas\u0131 nitelikteki ortak su k\u00fctlesinin ad\u0131n\u0131n tek tarafl\u0131 bi\u00e7imde de\u011fi\u015ftirilemeyece\u011fi y\u00f6n\u00fcndeki itirazlar\u0131yla kar\u015f\u0131la\u015fm\u0131\u015ft\u0131. Ayr\u0131ca, 27 A\u011fustos&#8217;ta Kanada s\u0131n\u0131r\u0131ndaki Ontario G\u00f6l\u00fc&#8217;n\u00fcn ad\u0131n\u0131n &#8220;Amerika G\u00f6l\u00fc&#8221; olarak de\u011fi\u015ftirilmesini \u00f6ng\u00f6ren bir ba\u015fka ba\u015fkanl\u0131k kararnamesine imza atm\u0131\u015ft\u0131. Bu olaylar, Trump&#8217;\u0131n co\u011frafi isimlere yakla\u015f\u0131m\u0131ndaki dikkat \u00e7ekici e\u011filimi g\u00f6zler \u00f6n\u00fcne serdi.<\/p>\n","protected":false},"excerpt":{"rendered":"<p>Donald Trump&#8217;tan H\u00fcrm\u00fcz Bo\u011faz\u0131 \u0130\u00e7in \u015ea\u015f\u0131rt\u0131c\u0131 \u0130sim \u00d6nerisi: &#8220;Trump Bo\u011faz\u0131&#8221; \u0130ddias\u0131 ve Ger\u00e7ekler Amerika Birle\u015fik Devletleri eski Ba\u015fkan\u0131 Donald Trump, d\u00fcnya jeopoliti\u011finin kilit noktalar\u0131ndan H\u00fcrm\u00fcz Bo\u011faz\u0131 hakk\u0131nda yapt\u0131\u011f\u0131 payla\u015f\u0131mla g\u00fcndeme oturdu. Trump, ABD&#8217;nin bo\u011faz \u00fczerindeki kontrol\u00fcn\u00fc \u00f6ne s\u00fcrerek, b\u00f6lgenin isminin &#8220;Trump Bo\u011faz\u0131&#8221; olarak de\u011fi\u015ftirilmesi fikrini ortaya att\u0131. Ancak bu \u00f6nerinin, ba\u015fkan\u0131n daha sonra yapt\u0131\u011f\u0131 a\u00e7\u0131klamayla [&hellip;]<\/p>\n","protected":false},"author":0,"featured_media":6077,"comment_status":"open","ping_status":"open","sticky":false,"template":"","format":"standard","meta":{"footnotes":""},"categories":[15],"tags":[513,158,94,472,95],"class_list":["post-6076","post","type-post","status-publish","format-standard","has-post-thumbnail","hentry","category-gundem","tag-abd-baskani","tag-donald-trump","tag-dunya","tag-hurmuz-bogazi","tag-iran"],"_links":{"self":[{"href":"https:\/\/sunpress4.com\/index.php\/wp-json\/wp\/v2\/posts\/6076","targetHints":{"allow":["GET"]}}],"collection":[{"href":"https:\/\/sunpress4.com\/index.php\/wp-json\/wp\/v2\/posts"}],"about":[{"href":"https:\/\/sunpress4.com\/index.php\/wp-json\/wp\/v2\/types\/post"}],"replies":[{"embeddable":true,"href":"https:\/\/sunpress4.com\/index.php\/wp-json\/wp\/v2\/comments?post=6076"}],"version-history":[{"count":1,"href":"https:\/\/sunpress4.com\/index.php\/wp-json\/wp\/v2\/posts\/6076\/revisions"}],"predecessor-version":[{"id":6078,"href":"https:\/\/sunpress4.com\/index.php\/wp-json\/wp\/v2\/posts\/6076\/revisions\/6078"}],"wp:featuredmedia":[{"embeddable":true,"href":"https:\/\/sunpress4.com\/index.php\/wp-json\/wp\/v2\/media\/6077"}],"wp:attachment":[{"href":"https:\/\/sunpress4.com\/index.php\/wp-json\/wp\/v2\/media?parent=6076"}],"wp:term":[{"taxonomy":"category","embeddable":true,"href":"https:\/\/sunpress4.com\/index.php\/wp-json\/wp\/v2\/categories?post=6076"},{"taxonomy":"post_tag","embeddable":true,"href":"https:\/\/sunpress4.com\/index.php\/wp-json\/wp\/v2\/tags?post=6076"}],"curies":[{"name":"wp","href":"https:\/\/api.w.org\/{rel}","templated":true}]}}