{"id":6079,"date":"2026-09-03T00:01:07","date_gmt":"2026-09-02T21:01:07","guid":{"rendered":"https:\/\/sunpress4.com\/index.php\/2026\/09\/03\/istanbul-havalimaninin-4-pisti-icin-geri-sayim\/"},"modified":"2026-09-03T00:01:08","modified_gmt":"2026-09-02T21:01:08","slug":"istanbul-havalimaninin-4-pisti-icin-geri-sayim","status":"publish","type":"post","link":"https:\/\/sunpress4.com\/index.php\/2026\/09\/03\/istanbul-havalimaninin-4-pisti-icin-geri-sayim\/","title":{"rendered":"\u0130stanbul Havaliman\u0131&#8217;n\u0131n 4. pisti i\u00e7in geri say\u0131m"},"content":{"rendered":"<p>Ula\u015ft\u0131rma ve Altyap\u0131 Bakan\u0131 Abdulkadir Uralo\u011flu, \u0130stanbul&#8217;da d\u00fczenlenen ACI World 8. D\u00fcnya Havalimanlar\u0131 Deneyim Zirvesi&#8217;nde T\u00fcrkiye&#8217;nin havac\u0131l\u0131k alan\u0131ndaki \u00e7\u0131\u011f\u0131r a\u00e7an ba\u015far\u0131lar\u0131n\u0131 ve gelece\u011fe y\u00f6nelik vizyonunu payla\u015ft\u0131. Bakan Uralo\u011flu, g\u00fcn\u00fcm\u00fcz toplumlar\u0131n\u0131n zaman\u0131 en k\u0131ymetli ve geri d\u00f6nd\u00fcr\u00fclemez bir kaynak olarak g\u00f6rd\u00fc\u011f\u00fcn\u00fc belirterek, bu fark\u0131ndal\u0131\u011f\u0131n arkas\u0131nda havac\u0131l\u0131k sekt\u00f6r\u00fcn\u00fcn ba\u015f d\u00f6nd\u00fcr\u00fcc\u00fc geli\u015fiminin yatt\u0131\u011f\u0131n\u0131 ifade etti. Havayolu ta\u015f\u0131mac\u0131l\u0131\u011f\u0131n\u0131n sadece iki nokta aras\u0131nda bir ba\u011flant\u0131 kurmakla kalmad\u0131\u011f\u0131n\u0131, ayn\u0131 zamanda milletlerin birbirine yak\u0131nla\u015fmas\u0131n\u0131, ekonomilerin b\u00fct\u00fcnle\u015fmesini ve ortak bir gelece\u011fin in\u015fas\u0131n\u0131 sa\u011flayan en g\u00fc\u00e7l\u00fc zeminlerden biri oldu\u011funu vurgulad\u0131.<\/p>\n<p>**T\u00fcrkiye: K\u00fcresel Havac\u0131l\u0131kta Bir Kav\u015fak Noktas\u0131**<\/p>\n<p>Bakan Uralo\u011flu, havac\u0131l\u0131\u011f\u0131n sadece bir ula\u015f\u0131m y\u00f6ntemi olman\u0131n \u00f6tesinde, \u00fclkelerin k\u00fcresel rekabet g\u00fcc\u00fcn\u00fc belirleyen ve gelece\u011fe y\u00f6n veren stratejik bir vizyon meselesi oldu\u011funa dikkat \u00e7ekti. Bu stratejik g\u00fcc\u00fcn en kritik halkas\u0131n\u0131n ise havalimanlar\u0131 oldu\u011funu belirtti. Havalimanlar\u0131n\u0131, bir \u00fclkenin g\u00f6ky\u00fcz\u00fcyle kurdu\u011fu ba\u011f\u0131n somutla\u015ft\u0131\u011f\u0131, milletlerin birbirine a\u00e7\u0131lan kap\u0131lar\u0131 olarak tan\u0131mlayan Uralo\u011flu, bu tesislerin sadece u\u00e7aklar\u0131n ini\u015f kalk\u0131\u015f yapt\u0131\u011f\u0131 yap\u0131lar olmad\u0131\u011f\u0131n\u0131, ticaretin, k\u00fclt\u00fcr\u00fcn ve insan ili\u015fkilerinin bulu\u015ftu\u011fu birer medeniyet kap\u0131s\u0131 niteli\u011fi ta\u015f\u0131d\u0131\u011f\u0131n\u0131 s\u00f6yledi. Bir havaliman\u0131 in\u015fa etmenin, gelece\u011fe a\u00e7\u0131lan bir kap\u0131 \u00f6rmek ve \u00fclkeyi d\u00fcnyan\u0131n merkezine ta\u015f\u0131yacak yeni bir g\u00fczergah \u00e7izmek anlam\u0131na geldi\u011fini vurgulayan Bakan, g\u00fc\u00e7l\u00fc bir havaliman\u0131 a\u011f\u0131na sahip milletlerin d\u00fcnya ticaretinin de belirleyici akt\u00f6rleri aras\u0131nda yer ald\u0131\u011f\u0131n\u0131n alt\u0131n\u0131 \u00e7izdi.<\/p>\n<p>T\u00fcrkiye&#8217;nin sahip oldu\u011fu e\u015fsiz co\u011frafi konumunu, son 24 y\u0131lda hayata ge\u00e7irilen dev havaliman\u0131 projeleriyle ta\u00e7land\u0131rd\u0131\u011f\u0131n\u0131 ifade eden Uralo\u011flu, bu sayede \u00fclkenin 133 \u00fclkede 356 d\u0131\u015f hat u\u00e7u\u015f noktas\u0131yla k\u0131talar\u0131 birle\u015ftiren ger\u00e7ek bir kav\u015fak noktas\u0131 haline geldi\u011fini belirtti. Ba\u015fta \u0130stanbul Havaliman\u0131 olmak \u00fczere, \u00fclkenin d\u00f6rt bir yan\u0131na yay\u0131lan modern havaliman\u0131 altyap\u0131s\u0131n\u0131n sadece yolcu ve y\u00fck ta\u015f\u0131mac\u0131l\u0131\u011f\u0131 i\u00e7in de\u011fil, ayn\u0131 zamanda T\u00fcrkiye&#8217;nin k\u00fcresel vizyonunun ve b\u00f6lgesel liderlik iddias\u0131n\u0131n da somut bir g\u00f6stergesi oldu\u011funu s\u00f6zlerine ekledi.<\/p>\n<p>**Havac\u0131l\u0131k Politikalar\u0131yla D\u00fcnya Liderli\u011fi Yolunda**<\/p>\n<p>Bakan Uralo\u011flu, T\u00fcrkiye&#8217;nin havac\u0131l\u0131k sekt\u00f6r\u00fcndeki bu h\u0131zl\u0131 ve istikrarl\u0131 geli\u015fiminde, Cumhurba\u015fkan\u0131 Recep Tayyip Erdo\u011fan&#8217;\u0131n liderli\u011finde 2002 y\u0131l\u0131ndan itibaren y\u00fcr\u00fct\u00fclen hava ula\u015f\u0131m politikalar\u0131n\u0131n ve faaliyetlerinin b\u00fcy\u00fck pay\u0131 oldu\u011funu vurgulad\u0131. Bu ba\u015far\u0131n\u0131n \u00f6nemli d\u00f6n\u00fcm noktalar\u0131ndan birinin, i\u00e7 hat yolcu ta\u015f\u0131mac\u0131l\u0131\u011f\u0131n\u0131n rekabete a\u00e7\u0131lmas\u0131 oldu\u011funu ifade etti.<\/p>\n<p>Verdi\u011fi bilgilere g\u00f6re, 2002 y\u0131l\u0131nda 26 olan aktif havaliman\u0131 say\u0131s\u0131, 16 pasif havaliman\u0131n\u0131n yenilenmesi ve 16 yeni havaliman\u0131n\u0131n in\u015fas\u0131yla 58&#8217;e y\u00fckseltildi. Bu s\u00fcre\u00e7te her sene ortalama 1,4 havaliman\u0131n\u0131n hizmete a\u00e7\u0131ld\u0131\u011f\u0131 belirtilirken, yap\u0131m\u0131 devam eden projelerle bu say\u0131n\u0131n k\u0131sa s\u00fcre i\u00e7inde 60&#8217;a ula\u015faca\u011f\u0131 m\u00fcjdesi verildi. &#8220;D\u00fcnyada Ula\u015famad\u0131\u011f\u0131m\u0131z Hi\u00e7bir Nokta Kalmayacak&#8221; hedefiyle hareket eden T\u00fcrkiye, hava ula\u015ft\u0131rma anla\u015fmas\u0131 bulunan \u00fclke say\u0131s\u0131n\u0131 81&#8217;den 175&#8217;e \u00e7\u0131kararak, d\u0131\u015f hatlarda 50 \u00fclkede 60 noktaya yap\u0131lan u\u00e7u\u015flar\u0131 133 \u00fclkede 356 noktaya ula\u015ft\u0131rd\u0131.<\/p>\n<p>2002 y\u0131l\u0131nda i\u00e7 ve d\u0131\u015f hatlarda yakla\u015f\u0131k 34,5 milyon olan yolcu say\u0131s\u0131n\u0131n, 2025 y\u0131l\u0131nda Cumhuriyet tarihinin rekoru k\u0131r\u0131larak 247 milyona y\u00fckseltilece\u011fi \u00f6ng\u00f6r\u00fcl\u00fcyor. Bu rakamlarla T\u00fcrkiye&#8217;nin Avrupa&#8217;da 3&#8217;\u00fcnc\u00fc, d\u00fcnyada ise 7&#8217;nci s\u0131raya y\u00fckseldi\u011fi belirtildi. \u0130stanbul Havaliman\u0131&#8217;n\u0131n ise bu g\u00f6rkemli ba\u015far\u0131n\u0131n en parlak sembol\u00fc ve g\u00f6ky\u00fcz\u00fcn\u00fcn liderlerinden biri olarak \u00f6ne \u00e7\u0131kt\u0131\u011f\u0131 ifade edildi.<\/p>\n<p>**\u0130stanbul Havaliman\u0131: Avrupa&#8217;n\u0131n Zirvesinde, D\u00fcnyan\u0131n G\u00f6zdesi**<\/p>\n<p>Bakan Uralo\u011flu, \u0130stanbul Havaliman\u0131&#8217;n\u0131n sadece modern bir terminal binas\u0131 de\u011fil, ayn\u0131 zamanda m\u00fchendislik harikas\u0131 ve &#8220;T\u00fcrkiye Y\u00fczy\u0131l\u0131&#8221; vizyonunun g\u00f6ky\u00fcz\u00fcne yans\u0131m\u0131\u015f hali oldu\u011funu vurgulad\u0131. \u0130stanbul Havaliman\u0131&#8217;n\u0131n, g\u00fcnl\u00fck ortalama bin 665 u\u00e7u\u015fla Paris Charles de Gaulle, Amsterdam ve Londra Heathrow gibi \u00f6nemli merkezleri geride b\u0131rakarak bir kez daha Avrupa&#8217;n\u0131n en yo\u011fun havaliman\u0131 olmay\u0131 ba\u015fard\u0131\u011f\u0131 aktar\u0131ld\u0131. K\u00fcresel \u00f6l\u00e7ekteki 25 havaliman\u0131 aras\u0131nda ise g\u00fcnl\u00fck ortalama 843 u\u00e7ak kalk\u0131\u015f\u0131yla d\u00fcnya genelinde 6. s\u0131rada yer ald\u0131\u011f\u0131 bilgisi verildi.<\/p>\n<p>Son d\u00f6nemdeki rekorlara de\u011finen Uralo\u011flu, \u0130stanbul Havaliman\u0131&#8217;n\u0131n k\u0131sa s\u00fcre \u00f6nce bir g\u00fcnde bin 739 u\u00e7u\u015f ve 290 bin 287 yolcu ile T\u00fcrkiye ve Avrupa&#8217;da t\u00fcm zamanlar\u0131n en y\u00fcksek g\u00fcnl\u00fck u\u00e7u\u015f ve yolcu say\u0131s\u0131na ula\u015farak yeni bir rekora imza att\u0131\u011f\u0131n\u0131, ard\u0131ndan 30 A\u011fustos&#8217;ta 1787 u\u00e7u\u015f ger\u00e7ekle\u015ftirerek bu rekoru tazeledi\u011fini a\u00e7\u0131klad\u0131. Ayr\u0131ca \u0130GA \u0130stanbul Havaliman\u0131&#8217;n\u0131n, ACI World Havaliman\u0131 M\u00fc\u015fteri Deneyimi Akreditasyonu&#8217;nda en y\u00fcksek seviye olan 5. seviyeyi de yenileme ba\u015far\u0131s\u0131 g\u00f6sterdi\u011fini belirtti.<\/p>\n<p>G\u00f6ky\u00fcz\u00fcndeki bayrak ta\u015f\u0131y\u0131c\u0131m\u0131z T\u00fcrk Hava Yollar\u0131&#8217;n\u0131n, d\u00fcnyan\u0131n en fazla \u00fclkesine u\u00e7an havayolu konumunu korudu\u011funu ve \u0130stanbul Havaliman\u0131&#8217;n\u0131n sundu\u011fu imkanlarla k\u00fcresel bir aktarma ve do\u011frudan destinasyon merkezi olarak b\u00fcy\u00fcmeye devam etti\u011fini dile getiren Uralo\u011flu, T\u00fcrkiye&#8217;nin g\u00fcnl\u00fck ortalama 4 bin 400 u\u00e7u\u015f ile Avrupa&#8217;da en yo\u011fun trafik hacmine sahip \u00fclkeler aras\u0131nda 6. s\u0131raya y\u00fckseldi\u011fini, bu performansla Yunanistan, Polonya, Hollanda ve Portekiz gibi \u00fclkeleri geride b\u0131rakt\u0131\u011f\u0131n\u0131 ifade etti. Bu rekorlar\u0131n tesad\u00fcf olmad\u0131\u011f\u0131n\u0131, aksine planl\u0131 yat\u0131r\u0131mlar\u0131n, kararl\u0131 iradenin ve &#8220;d\u00fcnyada ula\u015famad\u0131\u011f\u0131m\u0131z hi\u00e7bir nokta kalmayacak&#8221; hedefinin somut bir kar\u015f\u0131l\u0131\u011f\u0131 oldu\u011funu belirtti.<\/p>\n<p>**Gelece\u011fe Odakl\u0131 Liderlik ve S\u00fcrd\u00fcr\u00fclebilirlik**<\/p>\n<p>\u0130stanbul Havaliman\u0131&#8217;nda \u00fc\u00e7l\u00fc ba\u011f\u0131ms\u0131z pist operasyonu ile Avrupa&#8217;da bir ilki ger\u00e7ekle\u015ftirdiklerini ve bu uygulamay\u0131 ABD&#8217;nin ard\u0131ndan hayata ge\u00e7iren ikinci \u00fclke olarak tarihe ge\u00e7tiklerini hat\u0131rlatan Bakan Uralo\u011flu, yeni bir ad\u0131m\u0131 daha duyurdu. \u0130stanbul Havaliman\u0131&#8217;n\u0131n 4. ana pistindeki \u00e7al\u0131\u015fmalar\u0131n son a\u015famaya geldi\u011fini, do\u011fu-bat\u0131 ekseninde 2 bin 820 metre uzunlu\u011funda ve 45 metre geni\u015fli\u011findeki bu pistin teknik testlerin ard\u0131ndan \u00f6n\u00fcm\u00fczdeki g\u00fcnlerde operasyona ba\u015flamas\u0131n\u0131n hedeflendi\u011fini a\u00e7\u0131klad\u0131. Bu yeni pistle artan yolcu ve u\u00e7u\u015f trafi\u011fine uygun altyap\u0131n\u0131n daha da g\u00fc\u00e7lendirilece\u011fini ve \u0130stanbul Havaliman\u0131&#8217;n\u0131n liderli\u011finin kal\u0131c\u0131 hale getirilece\u011fini s\u00f6yledi.<\/p>\n<p>Havalimanlar\u0131ndaki yolcu deneyiminin operasyonlar\u0131n merkezinde oldu\u011funu vurgulayan Uralo\u011flu, \u00fccretsiz Wi-Fi, su sebilleri, bebek bak\u0131m ve \u00e7ocuk oyun alanlar\u0131, eri\u015filebilirlik belgeleri gibi hizmetlerle yolcu memnuniyetinin s\u00fcrekli y\u00fckseltildi\u011fini ifade etti. Havalimanlar\u0131n\u0131n b\u00fcy\u00fck \u00e7o\u011funlu\u011funun karbon akreditasyonuna sahip olarak s\u00fcrd\u00fcr\u00fclebilirlikte de \u00f6nc\u00fc oldu\u011funu, Serbest Rota Hava Sahas\u0131 uygulamas\u0131yla yak\u0131t, zaman ve emisyon tasarrufu sa\u011fland\u0131\u011f\u0131n\u0131, yerli ve milli teknolojilerle hava seyr\u00fcsefer kapasitesinin art\u0131r\u0131ld\u0131\u011f\u0131n\u0131 belirtti. T\u00fcm bu ad\u0131mlar\u0131n, T\u00fcrkiye i\u00e7in havaliman\u0131n\u0131n sadece u\u00e7aklar\u0131n inip kalkt\u0131\u011f\u0131 bir meydan olmad\u0131\u011f\u0131n\u0131, yolcunun vaktine, emniyetine, konforuna ve gezegenimize kar\u015f\u0131 duyulan sorumlulu\u011fun somutla\u015ft\u0131\u011f\u0131 bir vizyon alan\u0131 oldu\u011funu g\u00f6zler \u00f6n\u00fcne serdi\u011fini s\u00f6zlerine ekledi.<\/p>\n","protected":false},"excerpt":{"rendered":"<p>Ula\u015ft\u0131rma ve Altyap\u0131 Bakan\u0131 Abdulkadir Uralo\u011flu, \u0130stanbul&#8217;da d\u00fczenlenen ACI World 8. D\u00fcnya Havalimanlar\u0131 Deneyim Zirvesi&#8217;nde T\u00fcrkiye&#8217;nin havac\u0131l\u0131k alan\u0131ndaki \u00e7\u0131\u011f\u0131r a\u00e7an ba\u015far\u0131lar\u0131n\u0131 ve gelece\u011fe y\u00f6nelik vizyonunu payla\u015ft\u0131. Bakan Uralo\u011flu, g\u00fcn\u00fcm\u00fcz toplumlar\u0131n\u0131n zaman\u0131 en k\u0131ymetli ve geri d\u00f6nd\u00fcr\u00fclemez bir kaynak olarak g\u00f6rd\u00fc\u011f\u00fcn\u00fc belirterek, bu fark\u0131ndal\u0131\u011f\u0131n arkas\u0131nda havac\u0131l\u0131k sekt\u00f6r\u00fcn\u00fcn ba\u015f d\u00f6nd\u00fcr\u00fcc\u00fc geli\u015fiminin yatt\u0131\u011f\u0131n\u0131 ifade etti. Havayolu ta\u015f\u0131mac\u0131l\u0131\u011f\u0131n\u0131n sadece [&hellip;]<\/p>\n","protected":false},"author":0,"featured_media":6080,"comment_status":"open","ping_status":"open","sticky":false,"template":"","format":"standard","meta":{"footnotes":""},"categories":[2],"tags":[983,106,598,982],"class_list":["post-6079","post","type-post","status-publish","format-standard","has-post-thumbnail","hentry","category-ekonomi","tag-iga","tag-istanbul","tag-istanbul-havalimani","tag-pist"],"_links":{"self":[{"href":"https:\/\/sunpress4.com\/index.php\/wp-json\/wp\/v2\/posts\/6079","targetHints":{"allow":["GET"]}}],"collection":[{"href":"https:\/\/sunpress4.com\/index.php\/wp-json\/wp\/v2\/posts"}],"about":[{"href":"https:\/\/sunpress4.com\/index.php\/wp-json\/wp\/v2\/types\/post"}],"replies":[{"embeddable":true,"href":"https:\/\/sunpress4.com\/index.php\/wp-json\/wp\/v2\/comments?post=6079"}],"version-history":[{"count":1,"href":"https:\/\/sunpress4.com\/index.php\/wp-json\/wp\/v2\/posts\/6079\/revisions"}],"predecessor-version":[{"id":6081,"href":"https:\/\/sunpress4.com\/index.php\/wp-json\/wp\/v2\/posts\/6079\/revisions\/6081"}],"wp:featuredmedia":[{"embeddable":true,"href":"https:\/\/sunpress4.com\/index.php\/wp-json\/wp\/v2\/media\/6080"}],"wp:attachment":[{"href":"https:\/\/sunpress4.com\/index.php\/wp-json\/wp\/v2\/media?parent=6079"}],"wp:term":[{"taxonomy":"category","embeddable":true,"href":"https:\/\/sunpress4.com\/index.php\/wp-json\/wp\/v2\/categories?post=6079"},{"taxonomy":"post_tag","embeddable":true,"href":"https:\/\/sunpress4.com\/index.php\/wp-json\/wp\/v2\/tags?post=6079"}],"curies":[{"name":"wp","href":"https:\/\/api.w.org\/{rel}","templated":true}]}}