{"id":6094,"date":"2026-09-04T00:00:22","date_gmt":"2026-09-03T21:00:22","guid":{"rendered":"https:\/\/sunpress4.com\/index.php\/2026\/09\/04\/cumhurbaskani-yardimcisi-yilmaz-kktcde-bir-kisinin-daha-naasina-ulasildi\/"},"modified":"2026-09-04T00:00:23","modified_gmt":"2026-09-03T21:00:23","slug":"cumhurbaskani-yardimcisi-yilmaz-kktcde-bir-kisinin-daha-naasina-ulasildi","status":"publish","type":"post","link":"https:\/\/sunpress4.com\/index.php\/2026\/09\/04\/cumhurbaskani-yardimcisi-yilmaz-kktcde-bir-kisinin-daha-naasina-ulasildi\/","title":{"rendered":"Cumhurba\u015fkan\u0131 Yard\u0131mc\u0131s\u0131 Y\u0131lmaz: KKTC&#8217;de bir ki\u015finin daha naa\u015f\u0131na ula\u015f\u0131ld\u0131"},"content":{"rendered":"<p>Kuzey K\u0131br\u0131s T\u00fcrk Cumhuriyeti (KKTC) a\u00e7\u0131klar\u0131nda meydana gelen ve \u00e7ok say\u0131da can kayb\u0131na yol a\u00e7an gemi facias\u0131yla ilgili \u00fcz\u00fcc\u00fc bir geli\u015fme ya\u015fand\u0131. Cumhurba\u015fkan\u0131 Yard\u0131mc\u0131s\u0131 Cevdet Y\u0131lmaz, kay\u0131p 19 ki\u015fiden birinin daha cans\u0131z bedenine ula\u015f\u0131ld\u0131\u011f\u0131n\u0131 a\u00e7\u0131klad\u0131. Bu son geli\u015fmeyle birlikte, faciada hayat\u0131n\u0131 kaybedenlerin say\u0131s\u0131 10&#8217;a y\u00fckseldi.<\/p>\n<h3>Cevdet Y\u0131lmaz KKTC&#8217;de Taziye Ziyaretinde<\/h3>\n<p>T\u00fcrkiye Cumhuriyeti Cumhurba\u015fkan\u0131 Yard\u0131mc\u0131s\u0131 Cevdet Y\u0131lmaz, Girne a\u00e7\u0131klar\u0131nda ya\u015fanan elim deniz kazas\u0131n\u0131n ard\u0131ndan taziye ziyaretinde bulunmak \u00fczere KKTC&#8217;ye geldi. Y\u0131lmaz ve beraberindeki heyet, temaslar\u0131na KKTC Cumhurba\u015fkan\u0131 Tufan Erh\u00fcrman taraf\u0131ndan kabul edilerek ba\u015flad\u0131. G\u00f6r\u00fc\u015fmede Y\u0131lmaz, Cumhurba\u015fkan\u0131 Erh\u00fcrman&#8217;a ve K\u0131br\u0131s T\u00fcrk halk\u0131na derin taziyelerini sundu.<\/p>\n<h3>Gemi Facias\u0131nda Can Kayb\u0131 10&#8217;a Y\u00fckseldi<\/h3>\n<p>Kabul\u00fcn ard\u0131ndan yap\u0131lan a\u00e7\u0131klamada, Cumhurba\u015fkan\u0131 Erh\u00fcrman&#8217;\u0131n T\u00fcrkiye Cumhuriyeti&#8217;ne ve Cumhurba\u015fkan\u0131 Yard\u0131mc\u0131s\u0131 Y\u0131lmaz&#8217;a g\u00f6sterilen dayan\u0131\u015fma ve sa\u011flanan destekler i\u00e7in te\u015fekk\u00fcr etti\u011fi belirtildi. Y\u0131lmaz, d\u00fczenledi\u011fi bas\u0131n toplant\u0131s\u0131nda kamuoyuna ac\u0131 bir haber daha verdi. Kay\u0131p durumdaki 19 yolcudan birinin daha naa\u015f\u0131n\u0131n bulundu\u011funu bildiren Y\u0131lmaz, olayda ya\u015fam\u0131n\u0131 yitirenlerin toplam say\u0131s\u0131n\u0131n 10 oldu\u011funu ifade etti.<\/p>\n<h3>Girne A\u00e7\u0131klar\u0131ndaki Facian\u0131n Detaylar\u0131<\/h3>\n<p>Girne Liman\u0131 ile Mersin Ta\u015fucu Liman\u0131 aras\u0131nda d\u00fczenli seferler yapan &#8220;Filo Jet&#8221; adl\u0131 h\u0131zl\u0131 yolcu gemisi, ge\u00e7ti\u011fimiz Pazar g\u00fcn\u00fc \u00f6\u011fle saatlerinde Girne&#8217;den ayr\u0131ld\u0131ktan k\u0131sa bir s\u00fcre sonra \u00f6n k\u0131sm\u0131ndan su almaya ba\u015flam\u0131\u015ft\u0131. Limana geri d\u00f6nme \u00e7abalar\u0131 s\u0131ras\u0131nda alabora olarak batan gemiden 239 ki\u015fi sa\u011f kurtar\u0131l\u0131rken, facian\u0131n hemen ard\u0131ndan 9 ki\u015finin cenazesine ula\u015f\u0131lm\u0131\u015ft\u0131. Geminin batmas\u0131yla birlikte kay\u0131p olarak bildirilen 19 ki\u015fi i\u00e7in geni\u015f \u00e7apl\u0131 arama kurtarma \u00e7al\u0131\u015fmalar\u0131 ba\u015flat\u0131lm\u0131\u015ft\u0131.<\/p>\n<p>Denizin 550 metre derinli\u011finde bulundu\u011fu tespit edilen gemi enkaz\u0131na ili\u015fkin y\u00fcr\u00fct\u00fclen soru\u015fturma kapsam\u0131nda ise 9 \u015f\u00fcpheli tutuklanm\u0131\u015ft\u0131.<\/p>\n","protected":false},"excerpt":{"rendered":"<p>Kuzey K\u0131br\u0131s T\u00fcrk Cumhuriyeti (KKTC) a\u00e7\u0131klar\u0131nda meydana gelen ve \u00e7ok say\u0131da can kayb\u0131na yol a\u00e7an gemi facias\u0131yla ilgili \u00fcz\u00fcc\u00fc bir geli\u015fme ya\u015fand\u0131. Cumhurba\u015fkan\u0131 Yard\u0131mc\u0131s\u0131 Cevdet Y\u0131lmaz, kay\u0131p 19 ki\u015fiden birinin daha cans\u0131z bedenine ula\u015f\u0131ld\u0131\u011f\u0131n\u0131 a\u00e7\u0131klad\u0131. Bu son geli\u015fmeyle birlikte, faciada hayat\u0131n\u0131 kaybedenlerin say\u0131s\u0131 10&#8217;a y\u00fckseldi. Cevdet Y\u0131lmaz KKTC&#8217;de Taziye Ziyaretinde T\u00fcrkiye Cumhuriyeti Cumhurba\u015fkan\u0131 Yard\u0131mc\u0131s\u0131 Cevdet [&hellip;]<\/p>\n","protected":false},"author":0,"featured_media":6095,"comment_status":"open","ping_status":"open","sticky":false,"template":"","format":"standard","meta":{"footnotes":""},"categories":[15],"tags":[987,986,94,951,100,574,941],"class_list":["post-6094","post","type-post","status-publish","format-standard","has-post-thumbnail","hentry","category-gundem","tag-cevdet-yilmaz","tag-cumhurbaskani-yardimcisi","tag-dunya","tag-girne","tag-guncel","tag-kibris","tag-kuzey-kibris-turk-cumhuriyeti"],"_links":{"self":[{"href":"https:\/\/sunpress4.com\/index.php\/wp-json\/wp\/v2\/posts\/6094","targetHints":{"allow":["GET"]}}],"collection":[{"href":"https:\/\/sunpress4.com\/index.php\/wp-json\/wp\/v2\/posts"}],"about":[{"href":"https:\/\/sunpress4.com\/index.php\/wp-json\/wp\/v2\/types\/post"}],"replies":[{"embeddable":true,"href":"https:\/\/sunpress4.com\/index.php\/wp-json\/wp\/v2\/comments?post=6094"}],"version-history":[{"count":1,"href":"https:\/\/sunpress4.com\/index.php\/wp-json\/wp\/v2\/posts\/6094\/revisions"}],"predecessor-version":[{"id":6096,"href":"https:\/\/sunpress4.com\/index.php\/wp-json\/wp\/v2\/posts\/6094\/revisions\/6096"}],"wp:featuredmedia":[{"embeddable":true,"href":"https:\/\/sunpress4.com\/index.php\/wp-json\/wp\/v2\/media\/6095"}],"wp:attachment":[{"href":"https:\/\/sunpress4.com\/index.php\/wp-json\/wp\/v2\/media?parent=6094"}],"wp:term":[{"taxonomy":"category","embeddable":true,"href":"https:\/\/sunpress4.com\/index.php\/wp-json\/wp\/v2\/categories?post=6094"},{"taxonomy":"post_tag","embeddable":true,"href":"https:\/\/sunpress4.com\/index.php\/wp-json\/wp\/v2\/tags?post=6094"}],"curies":[{"name":"wp","href":"https:\/\/api.w.org\/{rel}","templated":true}]}}