{"id":6109,"date":"2026-09-05T00:00:36","date_gmt":"2026-09-04T21:00:36","guid":{"rendered":"https:\/\/sunpress4.com\/index.php\/2026\/09\/05\/trump-kazma-dagini-cok-yakinda-vurabiliriz\/"},"modified":"2026-09-05T00:00:37","modified_gmt":"2026-09-04T21:00:37","slug":"trump-kazma-dagini-cok-yakinda-vurabiliriz","status":"publish","type":"post","link":"https:\/\/sunpress4.com\/index.php\/2026\/09\/05\/trump-kazma-dagini-cok-yakinda-vurabiliriz\/","title":{"rendered":"Trump: Kazma Da\u011f\u0131&#8217;n\u0131 \u00e7ok yak\u0131nda vurabiliriz"},"content":{"rendered":"<p>D\u00f6nemin Amerika Birle\u015fik Devletleri Ba\u015fkan\u0131 Donald Trump, Beyaz Saray&#8217;da ger\u00e7ekle\u015ftirdi\u011fi bir bas\u0131n toplant\u0131s\u0131nda \u00f6nemli a\u00e7\u0131klamalarda bulunarak b\u00f6lgesel geli\u015fmelere ili\u015fkin sorular\u0131 yan\u0131tlad\u0131.<\/p>\n<h3>Trump&#8217;tan \u0130ran Gerilimi A\u00e7\u0131klamas\u0131: &#8220;Askeri \u00c7at\u0131\u015fma, K\u00fc\u00e7\u00fck Bir Mesele&#8221;<\/h3>\n<p>\u0130ran ile ya\u015fanan gerilimin bir sava\u015f olarak nitelendirilip nitelendirilmeyece\u011fi sorusuna kar\u015f\u0131l\u0131k Trump, durumu &#8220;askeri \u00e7at\u0131\u015fma&#8221; olarak tan\u0131mlamay\u0131 tercih etti\u011fini dile getirdi. &#8220;Bir\u00e7ok ki\u015fi bunu sava\u015f olarak g\u00f6rm\u00fcyor. Ben ise askeri bir \u00e7at\u0131\u015fma olarak adland\u0131r\u0131yorum \u00e7\u00fcnk\u00fc bu bizim i\u00e7in k\u00fc\u00e7\u00fck bir mesele, b\u00fcy\u00fck bir olay de\u011fil,&#8221; \u015feklinde konu\u015ftu.<\/p>\n<p>ABD&#8217;nin \u0130ran&#8217;a kar\u015f\u0131 &#8220;aral\u0131kl\u0131 sald\u0131r\u0131lar&#8221; y\u00fcr\u00fctt\u00fc\u011f\u00fcn\u00fc belirten Trump, son olarak \u0130ran&#8217;\u0131n radar sistemlerinin hedef al\u0131nd\u0131\u011f\u0131 operasyondan \u00f6nce birka\u00e7 g\u00fcn boyunca aktif bir \u00e7at\u0131\u015fma ya\u015fanmad\u0131\u011f\u0131n\u0131 ifade etti. &#8220;\u015eu an sava\u015f halinde de\u011filiz, herhangi bir \u00e7at\u0131\u015fma s\u00f6z konusu de\u011fil,&#8221; diyen eski Ba\u015fkan, ABD&#8217;nin H\u00fcrm\u00fcz Bo\u011faz\u0131&#8217;ndaki deniz trafi\u011fini kontrol alt\u0131nda tuttu\u011funu ve \u0130ran&#8217;\u0131n askeri imkanlar\u0131na y\u00f6nelik \u00e7e\u015fitli sald\u0131r\u0131lar d\u00fczenledi\u011fini vurgulad\u0131.<\/p>\n<h3>H\u00fcrm\u00fcz Bo\u011faz\u0131&#8217;nda ABD Hakimiyeti ve N\u00fckleer Silah \u0130ddialar\u0131<\/h3>\n<p>Donald Trump, Amerikan kuvvetlerinin stratejik H\u00fcrm\u00fcz Bo\u011faz\u0131&#8217;n\u0131 savunmakla g\u00f6revli \u0130ran&#8217;a ait radar sistemlerini, u\u00e7aklar\u0131 ve di\u011fer savunma mekanizmalar\u0131n\u0131 etkisiz hale getirdi\u011fini iddia etti.<\/p>\n<p>Ayr\u0131ca, bo\u011faz b\u00f6lgesindeki deniz may\u0131nlar\u0131n\u0131n may\u0131n tarama gemileri arac\u0131l\u0131\u011f\u0131yla temizlendi\u011fini belirten Trump, ABD&#8217;nin \u0130ran&#8217;\u0131n n\u00fckleer silah geli\u015ftirme \u00e7abalar\u0131n\u0131 ba\u015far\u0131yla engelledi\u011fini \u00f6ne s\u00fcrd\u00fc. &#8220;\u0130ran&#8217;\u0131n n\u00fckleer silaha sahip olmas\u0131na izin vermeyece\u011fiz. Yapt\u0131\u011f\u0131m\u0131z tam olarak buydu,&#8221; \u015feklinde konu\u015ftu.<\/p>\n<p>Trump, ABD&#8217;nin bu m\u00fcdahalelerinin \u0130srail&#8217;i ve daha geni\u015f Orta Do\u011fu b\u00f6lgesinin g\u00fcvenli\u011fini sa\u011flad\u0131\u011f\u0131n\u0131 vurgulayarak, &#8220;\u0130ran&#8217;\u0131n n\u00fckleer silahlar\u0131 olmayacak; zira olsayd\u0131, muhtemelen sizler de burada bu kadar rahat duramazd\u0131n\u0131z,&#8221; s\u00f6zleriyle uyar\u0131da bulundu.<\/p>\n<p><img loading=\"lazy\" decoding=\"async\" class=\"hbptMainImage ImgDetay\" width=\"300\" height=\"200\" src=\"https:\/\/foto.haberler.com\/haber\/2026\/09\/04\/trump-kazma-dagini-cok-yakinda-20208491-4154_1_m.jpg\"><\/p>\n<h3>Trump&#8217;tan &#8220;Kazma Da\u011f\u0131&#8221; Tehdidi: &#8220;Faaliyet Olursa Vururuz&#8221;<\/h3>\n<p>Eski Ba\u015fkan Trump, \u0130ran&#8217;\u0131n stratejik \u00f6neme sahip Kazma Da\u011f\u0131 b\u00f6lgesine y\u00f6nelik potansiyel bir sald\u0131r\u0131 hakk\u0131nda olduk\u00e7a \u00e7arp\u0131c\u0131 bir uyar\u0131da bulundu. ABD&#8217;nin bu b\u00f6lgedeki ve genel olarak \u0130ran s\u0131n\u0131rlar\u0131ndaki t\u00fcm hareketlilikleri yak\u0131ndan izledi\u011fini ifade eden Trump, &#8220;E\u011fer Kazma Da\u011f\u0131&#8217;nda herhangi bir \u015f\u00fcpheli faaliyet tespit edilirse, buray\u0131 \u00e7ok k\u0131sa s\u00fcre i\u00e7inde vurabiliriz,&#8221; a\u00e7\u0131klamas\u0131nda bulundu. Ayr\u0131ca, Amerikan istihbarat\u0131n\u0131n Kazma Da\u011f\u0131 dahil olmak \u00fczere \u0130ran&#8217;\u0131n \u00e7e\u015fitli yerlerinde &#8220;hareket eden herkesi&#8221; bildi\u011fini iddia etti.<\/p>\n<h3>Trump: &#8220;N\u00fckleer Silah Konusunda B\u00fcy\u00fck Ba\u015far\u0131 Kazand\u0131k&#8221;<\/h3>\n<p>Gerilimin ne zaman sona erece\u011fine dair kesin bir zaman \u00e7izelgesi sunmayan Trump, ABD&#8217;nin ana hedefine b\u00fcy\u00fck \u00f6l\u00e7\u00fcde ula\u015ft\u0131\u011f\u0131n\u0131 iddia etti. &#8220;Biz b\u00fcy\u00fck meseleyi zaten kazand\u0131k: \u0130ran&#8217;\u0131n n\u00fckleer silah\u0131 olmayacak,&#8221; \u015feklinde vurgulad\u0131.<\/p>\n<p>Trump, ABD&#8217;nin \u0130ran&#8217;dan hemen \u00e7ekilmesi durumunda bile, \u00fclkenin kendini toparlamas\u0131n\u0131n ve yeniden yap\u0131lanmas\u0131n\u0131n en az 25 y\u0131l s\u00fcrece\u011fini \u00f6ne s\u00fcrd\u00fc. &#8220;Hemen geri \u00e7ekilsek dahi, \u00fclkelerini yeniden in\u015fa etmeleri \u00e7eyrek as\u0131r alacakt\u0131r,&#8221; ifadelerini kulland\u0131.<\/p>\n<p><img loading=\"lazy\" decoding=\"async\" class=\"hbptMainImage ImgDetay\" width=\"300\" height=\"200\" src=\"https:\/\/foto.haberler.com\/haber\/2026\/09\/04\/trump-kazma-dagini-cok-yakinda-20208491-6124_1_m.jpg\"><\/p>\n<h3>Kazma Da\u011f\u0131&#8217;n\u0131n Stratejik \u00d6nemi ve \u0130ran&#8217;\u0131n N\u00fckleer Tesis \u0130ddialar\u0131<\/h3>\n<p>Kazma Da\u011f\u0131, \u0130ran&#8217;\u0131n hassas Natanz N\u00fckleer Santrali&#8217;ne sadece bir bu\u00e7uk kilometre mesafede konumlanm\u0131\u015ft\u0131r. B\u00f6lgenin en dikkat \u00e7ekici \u00f6zelli\u011fi, son derece sert granit yap\u0131s\u0131na sahip olmas\u0131d\u0131r. \u0130ran&#8217;\u0131n, da\u011f\u0131n alt\u0131nda 80 ila 100 metreye varan derinliklerde kapsaml\u0131 kaz\u0131lar yapt\u0131\u011f\u0131 iddia edilmekle birlikte, toplam derinli\u011fin 600 metreye kadar ula\u015fabilece\u011fi belirtilmektedir.<\/p>\n<p>Bu da\u011f i\u00e7erisindeki kaz\u0131 \u00e7al\u0131\u015fmalar\u0131n\u0131n ilk olarak 2007 y\u0131l\u0131nda planland\u0131\u011f\u0131, ancak sistematik olarak 2020 y\u0131l\u0131nda h\u0131z kazand\u0131\u011f\u0131 ifade edilmektedir.<\/p>\n<p>2020 ve 2021 y\u0131llar\u0131nda Natanz N\u00fckleer Santrali&#8217;ne y\u00f6nelik ger\u00e7ekle\u015ftirilen sabotaj eylemlerinin ard\u0131ndan \u0130ran&#8217;\u0131n, kritik santrif\u00fcjlerini koruma alt\u0131na almak amac\u0131yla Natanz&#8217;a olduk\u00e7a yak\u0131n olan Kazma Da\u011f\u0131&#8217;n\u0131n derinliklerine ta\u015f\u0131d\u0131\u011f\u0131 \u00f6ne s\u00fcr\u00fclmektedir.<\/p>\n<p>Ger\u00e7ekten de, en modern s\u0131\u011f\u0131nak delici bombalar\u0131n dahi da\u011f\u0131n sert granit yap\u0131s\u0131 nedeniyle i\u00e7 kesimlerine n\u00fcfuz etmesinin zor oldu\u011fu ifade edilmektedir.<\/p>\n<p>\u0130ran eski Atom Enerjisi Kurumu Ba\u015fkan\u0131 Ali Ekber Salihi de, Natanz N\u00fckleer Santrali&#8217;nin 2020 ve 2021&#8217;deki hasarlar\u0131ndan sonra \u00fcretim zincirinin kesintiye u\u011framamas\u0131 ad\u0131na santrif\u00fcjlerin ta\u015f\u0131nmas\u0131n\u0131n g\u00fcndeme geldi\u011fini ve bu tesislerin bir da\u011f\u0131n i\u00e7ine yerle\u015ftirilece\u011fini do\u011frulam\u0131\u015ft\u0131.<\/p>\n<p><img loading=\"lazy\" decoding=\"async\" class=\"hbptMainImage ImgDetay\" width=\"300\" height=\"200\" src=\"https:\/\/foto.haberler.com\/haber\/2026\/09\/04\/trump-kazma-dagini-cok-yakinda-20208491-3879_1_m.jpg\"><\/p>\n<p>Salihi, santrif\u00fcjlerin nereye ta\u015f\u0131naca\u011f\u0131 konusunda spesifik bir b\u00f6lge ad\u0131 vermese de, \u00fcretim s\u00fcreklili\u011finin korunmas\u0131 amac\u0131yla uzak bir yere de\u011fil, Natanz&#8217;a yak\u0131nl\u0131\u011f\u0131 nedeniyle Kazma Da\u011f\u0131&#8217;n\u0131n derinliklerine ta\u015f\u0131nd\u0131\u011f\u0131 yorumlar\u0131 g\u00fc\u00e7lenmi\u015fti.<\/p>\n<p>D\u00f6nemin \u0130ran D\u0131\u015fi\u015fleri Bakan\u0131 Abbas Erak\u00e7i de, 12 g\u00fcn s\u00fcren askeri gerilim s\u0131ras\u0131nda \u0130ran&#8217;a ait \u00fc\u00e7\u00fcnc\u00fc bir n\u00fckleer tesisin zarar g\u00f6rd\u00fc\u011f\u00fcn\u00fc ve \u0130sfahan yak\u0131nlar\u0131ndaki bu tesisin sald\u0131r\u0131 an\u0131nda hen\u00fcz faaliyette olmad\u0131\u011f\u0131n\u0131 a\u00e7\u0131klam\u0131\u015ft\u0131.<\/p>\n<p>Erak\u00e7i&#8217;nin bu beyanlar\u0131, s\u00f6z konusu yeni santralin Kazma Da\u011f\u0131&#8217;n\u0131n korunakl\u0131 derinliklerinde kuruldu\u011fu y\u00f6n\u00fcndeki iddialar\u0131 daha da peki\u015ftirmi\u015ftir.<\/p>\n","protected":false},"excerpt":{"rendered":"<p>D\u00f6nemin Amerika Birle\u015fik Devletleri Ba\u015fkan\u0131 Donald Trump, Beyaz Saray&#8217;da ger\u00e7ekle\u015ftirdi\u011fi bir bas\u0131n toplant\u0131s\u0131nda \u00f6nemli a\u00e7\u0131klamalarda bulunarak b\u00f6lgesel geli\u015fmelere ili\u015fkin sorular\u0131 yan\u0131tlad\u0131. Trump&#8217;tan \u0130ran Gerilimi A\u00e7\u0131klamas\u0131: &#8220;Askeri \u00c7at\u0131\u015fma, K\u00fc\u00e7\u00fck Bir Mesele&#8221; \u0130ran ile ya\u015fanan gerilimin bir sava\u015f olarak nitelendirilip nitelendirilmeyece\u011fi sorusuna kar\u015f\u0131l\u0131k Trump, durumu &#8220;askeri \u00e7at\u0131\u015fma&#8221; olarak tan\u0131mlamay\u0131 tercih etti\u011fini dile getirdi. &#8220;Bir\u00e7ok ki\u015fi bunu sava\u015f [&hellip;]<\/p>\n","protected":false},"author":0,"featured_media":6110,"comment_status":"open","ping_status":"open","sticky":false,"template":"","format":"standard","meta":{"footnotes":""},"categories":[15],"tags":[513,214,158,94,100,99,95,876],"class_list":["post-6109","post","type-post","status-publish","format-standard","has-post-thumbnail","hentry","category-gundem","tag-abd-baskani","tag-amerika-birlesik-devletleri","tag-donald-trump","tag-dunya","tag-guncel","tag-gundem","tag-iran","tag-toros-daglari"],"_links":{"self":[{"href":"https:\/\/sunpress4.com\/index.php\/wp-json\/wp\/v2\/posts\/6109","targetHints":{"allow":["GET"]}}],"collection":[{"href":"https:\/\/sunpress4.com\/index.php\/wp-json\/wp\/v2\/posts"}],"about":[{"href":"https:\/\/sunpress4.com\/index.php\/wp-json\/wp\/v2\/types\/post"}],"replies":[{"embeddable":true,"href":"https:\/\/sunpress4.com\/index.php\/wp-json\/wp\/v2\/comments?post=6109"}],"version-history":[{"count":1,"href":"https:\/\/sunpress4.com\/index.php\/wp-json\/wp\/v2\/posts\/6109\/revisions"}],"predecessor-version":[{"id":6111,"href":"https:\/\/sunpress4.com\/index.php\/wp-json\/wp\/v2\/posts\/6109\/revisions\/6111"}],"wp:featuredmedia":[{"embeddable":true,"href":"https:\/\/sunpress4.com\/index.php\/wp-json\/wp\/v2\/media\/6110"}],"wp:attachment":[{"href":"https:\/\/sunpress4.com\/index.php\/wp-json\/wp\/v2\/media?parent=6109"}],"wp:term":[{"taxonomy":"category","embeddable":true,"href":"https:\/\/sunpress4.com\/index.php\/wp-json\/wp\/v2\/categories?post=6109"},{"taxonomy":"post_tag","embeddable":true,"href":"https:\/\/sunpress4.com\/index.php\/wp-json\/wp\/v2\/tags?post=6109"}],"curies":[{"name":"wp","href":"https:\/\/api.w.org\/{rel}","templated":true}]}}