{"id":6115,"date":"2026-09-05T00:00:49","date_gmt":"2026-09-04T21:00:49","guid":{"rendered":"https:\/\/sunpress4.com\/index.php\/2026\/09\/05\/yemen-ordusu-taizde-stratejik-mevziyi-husilerden-geri-aldi\/"},"modified":"2026-09-05T00:00:50","modified_gmt":"2026-09-04T21:00:50","slug":"yemen-ordusu-taizde-stratejik-mevziyi-husilerden-geri-aldi","status":"publish","type":"post","link":"https:\/\/sunpress4.com\/index.php\/2026\/09\/05\/yemen-ordusu-taizde-stratejik-mevziyi-husilerden-geri-aldi\/","title":{"rendered":"Yemen ordusu, Taiz&#8217;de stratejik mevziyi Husilerden geri ald\u0131"},"content":{"rendered":"<p>Yemen ordusuna ba\u011fl\u0131 Taiz Askeri Komutanl\u0131\u011f\u0131&#8217;ndan yap\u0131lan son dakika a\u00e7\u0131klamas\u0131na g\u00f6re, Yemen Silahl\u0131 Kuvvetleri, Taiz&#8217;in bat\u0131s\u0131ndaki Cebel Hab\u015fi il\u00e7esinde yer alan kritik \u00f6neme sahip Tebbe el-Hazzan mevziinin kontrol\u00fcn\u00fc Husilerden ba\u015far\u0131yla geri ald\u0131.<\/p>\n<h3>TA\u0130Z&#8217;DE STRATEJ\u0130K MEVZ\u0130 GER\u0130 ALINDI: \u00c7ATI\u015eMALAR ALEVLEND\u0130<\/h3>\n<p>Husilerden geri al\u0131nan Tebbe el-Hazzan mevzisi, Taiz&#8217;in bat\u0131s\u0131ndaki geni\u015f bir co\u011frafyaya hakim, stratejik bir da\u011fl\u0131k konumda bulunuyor. Bu kritik geli\u015fme, Taiz&#8217;in bat\u0131s\u0131ndaki Makbene ve El-Kedha cephelerinde ordu g\u00fc\u00e7leri ile Husiler aras\u0131ndaki \u015fiddetli \u00e7at\u0131\u015fmalar\u0131n doru\u011fa ula\u015ft\u0131\u011f\u0131 ve b\u00f6lgeye askeri takviye birliklerinin sevk edildi\u011fi bir d\u00f6nemde ger\u00e7ekle\u015fti.<\/p>\n<h3>TA\u0130Z VE HUDEYDE CEPHES\u0130NDE CAN KAYIPLARI VE \u0130HA D\u00dc\u015e\u00dcR\u00dcLMES\u0130<\/h3>\n<p>Yemen&#8217;in bat\u0131s\u0131ndaki Taiz ve Hudeyde illerinde per\u015fembe sabah\u0131ndan itibaren \u00e7e\u015fitli cephelerde Yemen ordusu ile Husiler aras\u0131nda yo\u011fun \u00e7at\u0131\u015fmalar ya\u015fanmaya devam ediyor. Bu \u015fiddetli \u00e7at\u0131\u015fmalarda her iki taraftan da \u00e7ok say\u0131da \u00f6l\u00fc ve yaral\u0131 oldu\u011fu belirtiliyor. Di\u011fer yandan, h\u00fck\u00fcmete ba\u011fl\u0131 g\u00fc\u00e7ler, Taiz&#8217;in bat\u0131s\u0131ndaki El-Berah b\u00f6lgesi semalar\u0131nda Husilere ait bir insans\u0131z hava arac\u0131n\u0131n (\u0130HA) d\u00fc\u015f\u00fcr\u00fcld\u00fc\u011f\u00fcn\u00fc bildirdi. Yemen ordusu bu olaya ili\u015fkin ek detay vermezken, Husilerden hen\u00fcz bir a\u00e7\u0131klama gelmedi.<\/p>\n<h3>YEMEN&#8217;DE 2022 ATE\u015eKES\u0130NDEN SONRAK\u0130 EN \u015e\u0130DDETL\u0130 \u00c7ATI\u015eMA DALGASI<\/h3>\n<p>Eyl\u00fcl 2014&#8217;ten bu yana ba\u015fkent Sana ba\u015fta olmak \u00fczere \u00fclkenin baz\u0131 b\u00f6lgelerinde kontrol\u00fc elinde bulunduran Husiler ile uluslararas\u0131 alanda tan\u0131nan me\u015fru h\u00fck\u00fcmete ba\u011fl\u0131 g\u00fc\u00e7ler aras\u0131ndaki m\u00fccadele \u00fclkenin farkl\u0131 b\u00f6lgelerinde s\u00fcr\u00fcyor. Son d\u00f6nemdeki bu \u00e7at\u0131\u015fmalar, Birle\u015fmi\u015f Milletler (BM) himayesinde 2022&#8217;de imzalanan ate\u015fkes s\u00fcrecinden bu yana b\u00f6lgede g\u00f6r\u00fclen en \u015fiddetli \u00e7at\u0131\u015fma dalgas\u0131 olarak kaydediliyor. Uluslararas\u0131 merciler, Yemen&#8217;in yeniden geni\u015f \u00e7apl\u0131 ve y\u0131k\u0131c\u0131 bir \u00e7at\u0131\u015fma sarmal\u0131na s\u00fcr\u00fcklenme riski ta\u015f\u0131d\u0131\u011f\u0131 konusunda ciddi uyar\u0131larda bulunuyor.<\/p>\n","protected":false},"excerpt":{"rendered":"<p>Yemen ordusuna ba\u011fl\u0131 Taiz Askeri Komutanl\u0131\u011f\u0131&#8217;ndan yap\u0131lan son dakika a\u00e7\u0131klamas\u0131na g\u00f6re, Yemen Silahl\u0131 Kuvvetleri, Taiz&#8217;in bat\u0131s\u0131ndaki Cebel Hab\u015fi il\u00e7esinde yer alan kritik \u00f6neme sahip Tebbe el-Hazzan mevziinin kontrol\u00fcn\u00fc Husilerden ba\u015far\u0131yla geri ald\u0131. TA\u0130Z&#8217;DE STRATEJ\u0130K MEVZ\u0130 GER\u0130 ALINDI: \u00c7ATI\u015eMALAR ALEVLEND\u0130 Husilerden geri al\u0131nan Tebbe el-Hazzan mevzisi, Taiz&#8217;in bat\u0131s\u0131ndaki geni\u015f bir co\u011frafyaya hakim, stratejik bir da\u011fl\u0131k konumda [&hellip;]<\/p>\n","protected":false},"author":0,"featured_media":6116,"comment_status":"open","ping_status":"open","sticky":false,"template":"","format":"standard","meta":{"footnotes":""},"categories":[15],"tags":[94,100,99,142,586,812,750],"class_list":["post-6115","post","type-post","status-publish","format-standard","has-post-thumbnail","hentry","category-gundem","tag-dunya","tag-guncel","tag-gundem","tag-hukumet","tag-ihlas-haber-ajansi","tag-taiz","tag-yemen"],"_links":{"self":[{"href":"https:\/\/sunpress4.com\/index.php\/wp-json\/wp\/v2\/posts\/6115","targetHints":{"allow":["GET"]}}],"collection":[{"href":"https:\/\/sunpress4.com\/index.php\/wp-json\/wp\/v2\/posts"}],"about":[{"href":"https:\/\/sunpress4.com\/index.php\/wp-json\/wp\/v2\/types\/post"}],"replies":[{"embeddable":true,"href":"https:\/\/sunpress4.com\/index.php\/wp-json\/wp\/v2\/comments?post=6115"}],"version-history":[{"count":1,"href":"https:\/\/sunpress4.com\/index.php\/wp-json\/wp\/v2\/posts\/6115\/revisions"}],"predecessor-version":[{"id":6117,"href":"https:\/\/sunpress4.com\/index.php\/wp-json\/wp\/v2\/posts\/6115\/revisions\/6117"}],"wp:featuredmedia":[{"embeddable":true,"href":"https:\/\/sunpress4.com\/index.php\/wp-json\/wp\/v2\/media\/6116"}],"wp:attachment":[{"href":"https:\/\/sunpress4.com\/index.php\/wp-json\/wp\/v2\/media?parent=6115"}],"wp:term":[{"taxonomy":"category","embeddable":true,"href":"https:\/\/sunpress4.com\/index.php\/wp-json\/wp\/v2\/categories?post=6115"},{"taxonomy":"post_tag","embeddable":true,"href":"https:\/\/sunpress4.com\/index.php\/wp-json\/wp\/v2\/tags?post=6115"}],"curies":[{"name":"wp","href":"https:\/\/api.w.org\/{rel}","templated":true}]}}