{"id":6145,"date":"2026-09-06T12:00:23","date_gmt":"2026-09-06T09:00:23","guid":{"rendered":"https:\/\/sunpress4.com\/index.php\/2026\/09\/06\/bolivyada-kislada-patlama-2-olu-81-yarali\/"},"modified":"2026-09-06T12:00:24","modified_gmt":"2026-09-06T09:00:24","slug":"bolivyada-kislada-patlama-2-olu-81-yarali","status":"publish","type":"post","link":"https:\/\/sunpress4.com\/index.php\/2026\/09\/06\/bolivyada-kislada-patlama-2-olu-81-yarali\/","title":{"rendered":"Bolivya&#8217;da k\u0131\u015flada patlama: 2 \u00f6l\u00fc, 81 yaral\u0131"},"content":{"rendered":"<p>Bolivya&#8217;n\u0131n Viacha kentindeki askeri tesiste meydana gelen iki y\u0131k\u0131c\u0131 patlama, \u00fclkeyi yasa bo\u011fdu. Trajik olayda ilk belirlemelere g\u00f6re 2 ki\u015fi hayat\u0131n\u0131 kaybederken, 81 ki\u015fi de yaraland\u0131. Yetkililer, kay\u0131p askerleri bulmak ve patlamalar\u0131n kesin nedenini tespit etmek amac\u0131yla geni\u015f \u00e7apl\u0131 bir soru\u015fturma ba\u015flatt\u0131.<\/p>\n<p>La Paz b\u00f6lgesinin Viacha il\u00e7esindeki RAM-2 \u201cBol\u00edvar\u201d Mekanize Top\u00e7u Alay\u0131&#8217;n\u0131n Genel Bak\u0131m Merkezi&#8217;nde ard\u0131 ard\u0131na ya\u015fanan bu b\u00fcy\u00fck patlamalar, sadece tesisi de\u011fil, \u00e7evresini de etkiledi. Olay yerinde yang\u0131nlar \u00e7\u0131karken, patlamalar\u0131n \u015fiddetiyle \u00e7evre konutlarda da ciddi hasarlar meydana geldi.<\/p>\n<h3>Patlamalar\u0131n Gizemli Nedeni: Piroteknik Malzeme ve Soru\u015fturma<\/h3>\n<p>Bolivya Savunma Bakan\u0131 Ernesto Justiniano, facian\u0131n nedenlerine dair ilk ipu\u00e7lar\u0131n\u0131 payla\u015ft\u0131. Bakan Justiniano&#8217;nun a\u00e7\u0131klamas\u0131na g\u00f6re, ilk patlama tesiste muhafaza edilen piroteknik materyallerden, \u00f6zellikle de kara baruttan kaynaklanm\u0131\u015f olabilir. Ancak ikinci ve \u00e7ok daha y\u0131k\u0131c\u0131 patlaman\u0131n kayna\u011f\u0131 hala bir muamma. Bakan, patlamalar\u0131n sava\u015f m\u00fchimmat\u0131yla ilgili oldu\u011fu y\u00f6n\u00fcndeki s\u00f6ylentileri kesin bir dille yalanlad\u0131.<\/p>\n<h3>Can Kayb\u0131 ve Yaral\u0131 Say\u0131s\u0131 Netle\u015fiyor<\/h3>\n<p>Resmi makamlarca yap\u0131lan son a\u00e7\u0131klamaya g\u00f6re, trajedide 2 askeri personel ya\u015fam\u0131n\u0131 yitirdi. Toplam 81 ki\u015finin yaraland\u0131\u011f\u0131 faciada, iki ki\u015finin hayati tehlikesinin devam etti\u011fi belirtildi. T\u00fcm hayat\u0131n\u0131 kaybedenlerin ve yaralananlar\u0131n askeri personel oldu\u011fu bilgisi payla\u015f\u0131ld\u0131.<\/p>\n<h3>Kay\u0131p Askerleri Bulma \u00c7al\u0131\u015fmalar\u0131 Devam Ediyor<\/h3>\n<p>Patlaman\u0131n y\u0131k\u0131c\u0131 etkisinin ard\u0131ndan, enkaz alt\u0131nda ve tesisin \u00e7evresinde kay\u0131p askerleri bulmak i\u00e7in yo\u011fun arama kurtarma operasyonlar\u0131 ba\u015flat\u0131ld\u0131. \u0130lk etapta 7 ki\u015finin kay\u0131p oldu\u011fu a\u00e7\u0131klanm\u0131\u015fken, yerel medya kaynaklar\u0131 bu say\u0131n\u0131n 14&#8217;e \u00e7\u0131kt\u0131\u011f\u0131n\u0131 ileri s\u00fcr\u00fcyor. Kesin kay\u0131p say\u0131s\u0131n\u0131n belirlenmesi i\u00e7in \u00e7al\u0131\u015fmalar\u0131n tamamlanmas\u0131 bekleniyor.<\/p>\n","protected":false},"excerpt":{"rendered":"<p>Bolivya&#8217;n\u0131n Viacha kentindeki askeri tesiste meydana gelen iki y\u0131k\u0131c\u0131 patlama, \u00fclkeyi yasa bo\u011fdu. Trajik olayda ilk belirlemelere g\u00f6re 2 ki\u015fi hayat\u0131n\u0131 kaybederken, 81 ki\u015fi de yaraland\u0131. Yetkililer, kay\u0131p askerleri bulmak ve patlamalar\u0131n kesin nedenini tespit etmek amac\u0131yla geni\u015f \u00e7apl\u0131 bir soru\u015fturma ba\u015flatt\u0131. La Paz b\u00f6lgesinin Viacha il\u00e7esindeki RAM-2 \u201cBol\u00edvar\u201d Mekanize Top\u00e7u Alay\u0131&#8217;n\u0131n Genel Bak\u0131m Merkezi&#8217;nde [&hellip;]<\/p>\n","protected":false},"author":0,"featured_media":6146,"comment_status":"open","ping_status":"open","sticky":false,"template":"","format":"standard","meta":{"footnotes":""},"categories":[15],"tags":[1016,94,91,139],"class_list":["post-6145","post","type-post","status-publish","format-standard","has-post-thumbnail","hentry","category-gundem","tag-bolivya","tag-dunya","tag-guvenlik","tag-savunma"],"_links":{"self":[{"href":"https:\/\/sunpress4.com\/index.php\/wp-json\/wp\/v2\/posts\/6145","targetHints":{"allow":["GET"]}}],"collection":[{"href":"https:\/\/sunpress4.com\/index.php\/wp-json\/wp\/v2\/posts"}],"about":[{"href":"https:\/\/sunpress4.com\/index.php\/wp-json\/wp\/v2\/types\/post"}],"replies":[{"embeddable":true,"href":"https:\/\/sunpress4.com\/index.php\/wp-json\/wp\/v2\/comments?post=6145"}],"version-history":[{"count":1,"href":"https:\/\/sunpress4.com\/index.php\/wp-json\/wp\/v2\/posts\/6145\/revisions"}],"predecessor-version":[{"id":6147,"href":"https:\/\/sunpress4.com\/index.php\/wp-json\/wp\/v2\/posts\/6145\/revisions\/6147"}],"wp:featuredmedia":[{"embeddable":true,"href":"https:\/\/sunpress4.com\/index.php\/wp-json\/wp\/v2\/media\/6146"}],"wp:attachment":[{"href":"https:\/\/sunpress4.com\/index.php\/wp-json\/wp\/v2\/media?parent=6145"}],"wp:term":[{"taxonomy":"category","embeddable":true,"href":"https:\/\/sunpress4.com\/index.php\/wp-json\/wp\/v2\/categories?post=6145"},{"taxonomy":"post_tag","embeddable":true,"href":"https:\/\/sunpress4.com\/index.php\/wp-json\/wp\/v2\/tags?post=6145"}],"curies":[{"name":"wp","href":"https:\/\/api.w.org\/{rel}","templated":true}]}}