{"id":729,"date":"2026-01-16T12:00:27","date_gmt":"2026-01-16T09:00:27","guid":{"rendered":"https:\/\/sunpress4.com\/index.php\/2026\/01\/16\/canli-vedat-muriqi-teklifi-kabul-etti-istanbul-devine-imza-transferde-son-dakika\/"},"modified":"2026-01-16T12:00:28","modified_gmt":"2026-01-16T09:00:28","slug":"canli-vedat-muriqi-teklifi-kabul-etti-istanbul-devine-imza-transferde-son-dakika","status":"publish","type":"post","link":"https:\/\/sunpress4.com\/index.php\/2026\/01\/16\/canli-vedat-muriqi-teklifi-kabul-etti-istanbul-devine-imza-transferde-son-dakika\/","title":{"rendered":"CANLI |Vedat Muriqi teklifi kabul etti! \u0130stanbul devine imza, transferde son dakika&#8230;"},"content":{"rendered":"<h1>S\u00fcper Lig&#8217;de Transfer Ate\u015fi Y\u00fckseliyor: Devlerden Son Dakika Hamleleri!<\/h1>\n<p>Trendyol S\u00fcper Lig&#8217;de zirve m\u00fccadelesi k\u0131z\u0131\u015f\u0131rken, ara transfer d\u00f6nemi de tak\u0131mlar\u0131n kadrolar\u0131n\u0131 g\u00fc\u00e7lendirme yar\u0131\u015f\u0131na sahne oluyor. \u015eampiyonluk hedefleriyle yola \u00e7\u0131kan ve Avrupa arenas\u0131nda iddial\u0131 olmak isteyen dev kul\u00fcpler, d\u00fcnyaca \u00fcnl\u00fc y\u0131ld\u0131zlar\u0131 ve gen\u00e7 yetenekleri kadrolar\u0131na katmak i\u00e7in yo\u011fun bir mesai harc\u0131yor. \u0130\u015fte 16 Ocak 2026 itibar\u0131yla S\u00fcper Lig&#8217;deki en \u00e7arp\u0131c\u0131 transfer geli\u015fmeleri ve son dakika dedikodular\u0131:<\/p>\n<h2>Be\u015fikta\u015f&#8217;tan Ses Getirecek Stoper Hamlesi: David Alaba ve Kaleci Krizinde Yeni Geli\u015fmeler<\/h2>\n<p><strong>Be\u015fikta\u015f<\/strong>, transfer listesine s\u00fcrpriz bir ismi ekledi: <strong>Real Madrid<\/strong>&#8216;in tecr\u00fcbeli Avusturyal\u0131 stoperi <strong>David Alaba<\/strong>! LaLiga devinde d\u00fczenli forma \u015fans\u0131 bulmakta zorlanan 33 ya\u015f\u0131ndaki Alaba&#8217;n\u0131n, sezon sonunda bitecek olan s\u00f6zle\u015fmesi nedeniyle kariyerine daha fazla oynayabilece\u011fi bir tak\u0131mda devam etmeye s\u0131cak bakt\u0131\u011f\u0131 belirtiliyor. Siyah-beyazl\u0131lar, bu f\u0131rsat\u0131 de\u011ferlendirmek ad\u0131na Ocak ay\u0131nda Madrid cephesiyle temas kurmay\u0131 planl\u0131yor. Bu transferin ger\u00e7ekle\u015fmesi halinde, Alaba S\u00fcper Lig&#8217;in en dikkat \u00e7ekici savunmac\u0131lar\u0131ndan biri olabilir.<\/p>\n<p>\u00d6te yandan, Be\u015fikta\u015f&#8217;\u0131n kaleci transferindeki bir numaral\u0131 hedefi <strong>Filip Jorgensen<\/strong> i\u00e7in i\u015fler biraz kar\u0131\u015ft\u0131. Chelsea&#8217;nin yeni teknik direkt\u00f6r\u00fcn\u00fcn Danimarkal\u0131 gen\u00e7 eldivene \u015fans verme karar\u0131, transfer g\u00f6r\u00fc\u015fmelerini \u00e7\u0131kmaza soktu. Dahas\u0131, Premier Lig ekibi <strong>West Ham United<\/strong>&#8216;\u0131n da Jorgensen i\u00e7in devreye girmesi, Be\u015fikta\u015f&#8217;\u0131n bu transferdeki rekabetini art\u0131rd\u0131 ve transferi zora soktu.<\/p>\n<h2>Fenerbah\u00e7e&#8217;de Orta Saha ve Forvet Hatt\u0131nda Kritik Hamleler: Kante ve Muriqi G\u00fcndemde<\/h2>\n<p>\u015eampiyonluk yolunda emin ad\u0131mlarla ilerlemek isteyen <strong>Fenerbah\u00e7e<\/strong>, orta sahas\u0131n\u0131 d\u00fcnya y\u0131ld\u0131z\u0131yla g\u00fc\u00e7lendirmeye \u00e7ok yak\u0131n! Sar\u0131-lacivertli kul\u00fcb\u00fcn transfer komitesi \u00fcyeleri, <strong>N&#8217;Golo Kante<\/strong> transferini sonu\u00e7land\u0131rmak \u00fczere Abu Dabi&#8217;ye gitti. Al Ittihad ile yap\u0131lacak final g\u00f6r\u00fc\u015fmelerinin ard\u0131ndan, Kanarya&#8217;n\u0131n hedefi Kante&#8217;yi kritik Alanyaspor ma\u00e7\u0131na yeti\u015ftirmek. Bu transfer, S\u00fcper Lig&#8217;de dengeleri de\u011fi\u015ftirebilecek potansiyelde.<\/p>\n<p>Forvet hatt\u0131 i\u00e7in de aray\u0131\u015flar\u0131n\u0131 s\u00fcrd\u00fcren Fenerbah\u00e7e&#8217;nin listesine tan\u0131d\u0131k bir isim girdi: Eski golc\u00fcs\u00fc <strong>Vedat Muriqi<\/strong>! Kosoval\u0131 santrforun sar\u0131-lacivertli formay\u0131 yeniden giymek istedi\u011fi ifade edilirken, \u0130spanyol kul\u00fcb\u00fc <strong>Mallorca<\/strong>&#8216;n\u0131n hen\u00fcz transferde ikna edilmedi\u011fi \u00f6\u011frenildi. Fenerbah\u00e7e y\u00f6netimi, Mallorca&#8217;y\u0131 ikna etmesi halinde Muriqi&#8217;nin eski yuvas\u0131na geri d\u00f6n\u00fc\u015f\u00fc ger\u00e7ekle\u015febilir.<\/p>\n<h2>Trabzonspor Orta Sahay\u0131 G\u00fc\u00e7lendirmek \u0130stiyor: Gustavo Hamer Yeniden Radarda<\/h2>\n<p>Ara transfer d\u00f6neminde orta saha rotasyonunu zenginle\u015ftirmeyi hedefleyen <strong>Trabzonspor<\/strong>, g\u00f6z\u00fcn\u00fc yeniden Hollandal\u0131 oyuncu <strong>Gustavo Hamer<\/strong>&#8216;e \u00e7evirdi. Ge\u00e7ti\u011fimiz sezon da g\u00fcndemine ald\u0131\u011f\u0131 <strong>Sheffield United<\/strong> formas\u0131 giyen 28 ya\u015f\u0131ndaki Hamer&#8217;in durumu bordo-mavililer taraf\u0131ndan yak\u0131ndan takip ediliyor. Ancak \u0130ngiliz kul\u00fcb\u00fcn\u00fcn Hamer i\u00e7in belirledi\u011fi 6 milyon Pound&#8217;luk bonservis beklentisinden indirime gitmemesi, transferi zorla\u015ft\u0131ran en b\u00fcy\u00fck etken. Ayr\u0131ca, \u0130spanya&#8217;dan <strong>Sevilla<\/strong> ve \u0130talya&#8217;dan <strong>Cremonese<\/strong>&#8216;nin de Hollandal\u0131 y\u0131ld\u0131za ilgi g\u00f6stermesi, Trabzonspor&#8217;un rekabet\u00e7i bir ortamda m\u00fccadele etmesine neden oluyor.<\/p>\n<h2>Galatasaray&#8217;dan S\u00fcper Lig \u0130\u00e7inden S\u00fcrpriz Transfer Hamlesi: Adem Arous<\/h2>\n<p><strong>Trendyol S\u00fcper Lig<\/strong>&#8216;de \u015fampiyonluk yolunda ilerleyen <strong>Galatasaray<\/strong>, teknik direkt\u00f6r Okan Buruk&#8217;un talepleri do\u011frultusunda transfer \u00e7al\u0131\u015fmalar\u0131n\u0131 s\u00fcrd\u00fcr\u00fcyor. Frans\u0131z bas\u0131n\u0131ndan gelen s\u00fcrpriz bir iddia, sar\u0131-k\u0131rm\u0131z\u0131l\u0131lar\u0131n hedefine S\u00fcper Lig&#8217;den bir ismi ald\u0131\u011f\u0131n\u0131 g\u00f6steriyor: <strong>Kas\u0131mpa\u015fa<\/strong>&#8216;n\u0131n 21 ya\u015f\u0131ndaki Tunuslu orta saha oyuncusu <strong>Adem Arous<\/strong>. Africa Foot&#8217;ta yer alan habere g\u00f6re, Galatasaray, gen\u00e7 yetene\u011fi kadrosuna katmak i\u00e7in harekete ge\u00e7ti. Hen\u00fcz iki kul\u00fcp aras\u0131nda bir anla\u015fma sa\u011flanmasa da, gen\u00e7 futbolcunun sar\u0131-k\u0131rm\u0131z\u0131l\u0131lara gelmeye s\u0131cak bakt\u0131\u011f\u0131 belirtiliyor.<\/p>\n<p>S\u00fcper Lig&#8217;deki bu transfer geli\u015fmeleri, tak\u0131mlar\u0131n sezonun ikinci yar\u0131s\u0131nda ve \u015fampiyonluk yar\u0131\u015f\u0131nda ne denli iddial\u0131 olaca\u011f\u0131n\u0131n da sinyallerini veriyor. \u00d6n\u00fcm\u00fczdeki g\u00fcnler, transfer piyasas\u0131nda daha bir\u00e7ok heyecan verici geli\u015fmeye sahne olacak gibi g\u00f6r\u00fcn\u00fcyor.<\/p>\n","protected":false},"excerpt":{"rendered":"<p>S\u00fcper Lig&#8217;de Transfer Ate\u015fi Y\u00fckseliyor: Devlerden Son Dakika Hamleleri! Trendyol S\u00fcper Lig&#8217;de zirve m\u00fccadelesi k\u0131z\u0131\u015f\u0131rken, ara transfer d\u00f6nemi de tak\u0131mlar\u0131n kadrolar\u0131n\u0131 g\u00fc\u00e7lendirme yar\u0131\u015f\u0131na sahne oluyor. \u015eampiyonluk hedefleriyle yola \u00e7\u0131kan ve Avrupa arenas\u0131nda iddial\u0131 olmak isteyen dev kul\u00fcpler, d\u00fcnyaca \u00fcnl\u00fc y\u0131ld\u0131zlar\u0131 ve gen\u00e7 yetenekleri kadrolar\u0131na katmak i\u00e7in yo\u011fun bir mesai harc\u0131yor. \u0130\u015fte 16 Ocak 2026 itibar\u0131yla [&hellip;]<\/p>\n","protected":false},"author":0,"featured_media":730,"comment_status":"open","ping_status":"open","sticky":false,"template":"","format":"standard","meta":{"footnotes":""},"categories":[32],"tags":[],"class_list":["post-729","post","type-post","status-publish","format-standard","has-post-thumbnail","hentry","category-spor"],"_links":{"self":[{"href":"https:\/\/sunpress4.com\/index.php\/wp-json\/wp\/v2\/posts\/729","targetHints":{"allow":["GET"]}}],"collection":[{"href":"https:\/\/sunpress4.com\/index.php\/wp-json\/wp\/v2\/posts"}],"about":[{"href":"https:\/\/sunpress4.com\/index.php\/wp-json\/wp\/v2\/types\/post"}],"replies":[{"embeddable":true,"href":"https:\/\/sunpress4.com\/index.php\/wp-json\/wp\/v2\/comments?post=729"}],"version-history":[{"count":1,"href":"https:\/\/sunpress4.com\/index.php\/wp-json\/wp\/v2\/posts\/729\/revisions"}],"predecessor-version":[{"id":731,"href":"https:\/\/sunpress4.com\/index.php\/wp-json\/wp\/v2\/posts\/729\/revisions\/731"}],"wp:featuredmedia":[{"embeddable":true,"href":"https:\/\/sunpress4.com\/index.php\/wp-json\/wp\/v2\/media\/730"}],"wp:attachment":[{"href":"https:\/\/sunpress4.com\/index.php\/wp-json\/wp\/v2\/media?parent=729"}],"wp:term":[{"taxonomy":"category","embeddable":true,"href":"https:\/\/sunpress4.com\/index.php\/wp-json\/wp\/v2\/categories?post=729"},{"taxonomy":"post_tag","embeddable":true,"href":"https:\/\/sunpress4.com\/index.php\/wp-json\/wp\/v2\/tags?post=729"}],"curies":[{"name":"wp","href":"https:\/\/api.w.org\/{rel}","templated":true}]}}