{"id":744,"date":"2026-01-17T00:00:19","date_gmt":"2026-01-16T21:00:19","guid":{"rendered":"https:\/\/sunpress4.com\/index.php\/2026\/01\/17\/kayserispordan-pierre-gabriel-aciklamasi-gercek-disi-iddialar\/"},"modified":"2026-01-17T00:00:20","modified_gmt":"2026-01-16T21:00:20","slug":"kayserispordan-pierre-gabriel-aciklamasi-gercek-disi-iddialar","status":"publish","type":"post","link":"https:\/\/sunpress4.com\/index.php\/2026\/01\/17\/kayserispordan-pierre-gabriel-aciklamasi-gercek-disi-iddialar\/","title":{"rendered":"Kayserispor&#8217;dan Pierre-Gabriel a\u00e7\u0131klamas\u0131! &#8216;Ger\u00e7ek d\u0131\u015f\u0131 iddialar&#8217;"},"content":{"rendered":"<p>Kayserispor Kul\u00fcb\u00fc, Frans\u0131z sol bek Pierre-Gabriel&#8217;in transfer s\u00fcrecine ili\u015fkin kamuoyunda \u00e7\u0131kan as\u0131ls\u0131z iddialar\u0131 kesin bir dille yalanlad\u0131. Kul\u00fcpten yap\u0131lan &#8220;Kamuoyuna Duyuru&#8221; ba\u015fl\u0131kl\u0131 a\u00e7\u0131klamada, futbolcunun \u2018ka\u00e7t\u0131\u011f\u0131\u2019 y\u00f6n\u00fcndeki spek\u00fclasyonlar\u0131n ger\u00e7e\u011fi yans\u0131tmad\u0131\u011f\u0131 vurguland\u0131.<\/p>\n<p>Sar\u0131-k\u0131rm\u0131z\u0131l\u0131 y\u00f6netim, resmi a\u00e7\u0131klamas\u0131nda bas\u0131nda ve sosyal medyada yer alan yan\u0131lt\u0131c\u0131 haberlere itibar edilmemesi \u00e7a\u011fr\u0131s\u0131nda bulundu. Kul\u00fcp, &#8220;Bas\u0131nda ve sosyal medyada dola\u015fan haberlerin ve anlat\u0131lan hik\u00e2yelerin b\u00fcy\u00fck bir k\u0131sm\u0131 ger\u00e7e\u011fi yans\u0131tmamaktad\u0131r. Oyuncu Pierre-Gabriel ile ilgili transfer s\u00fcreci, tamamen resmi ve kul\u00fcpler aras\u0131 kurallara uygun \u015fekilde y\u00fcr\u00fct\u00fclm\u00fc\u015ft\u00fcr,&#8221; ifadelerini kulland\u0131.<\/p>\n<p>Transferin i\u015fleyi\u015fine dair detaylar veren Kayserispor Futbol Kul\u00fcb\u00fc, \u00f6ncelikle Dinamo Zagreb Kul\u00fcb\u00fc ile resmi temas kurdu\u011funu ve gerekli izinleri ald\u0131\u011f\u0131n\u0131 belirtti. A\u00e7\u0131klamada, &#8220;\u0130lgili kul\u00fcpten gerekli izinleri ald\u0131ktan sonra oyuncu ile ileti\u015fime ge\u00e7ilmi\u015ftir. Bu s\u00fcrecin ard\u0131ndan Kayserispor ile Dinamo Zagreb aras\u0131nda kar\u015f\u0131l\u0131kl\u0131 transfer anla\u015fmas\u0131 sorunsuz bir \u015fekilde imzalanm\u0131\u015ft\u0131r,&#8221; denilerek s\u00fcrecin \u015feffafl\u0131\u011f\u0131 ve yasalara uygunlu\u011fu teyit edildi.<\/p>\n","protected":false},"excerpt":{"rendered":"<p>Kayserispor Kul\u00fcb\u00fc, Frans\u0131z sol bek Pierre-Gabriel&#8217;in transfer s\u00fcrecine ili\u015fkin kamuoyunda \u00e7\u0131kan as\u0131ls\u0131z iddialar\u0131 kesin bir dille yalanlad\u0131. Kul\u00fcpten yap\u0131lan &#8220;Kamuoyuna Duyuru&#8221; ba\u015fl\u0131kl\u0131 a\u00e7\u0131klamada, futbolcunun \u2018ka\u00e7t\u0131\u011f\u0131\u2019 y\u00f6n\u00fcndeki spek\u00fclasyonlar\u0131n ger\u00e7e\u011fi yans\u0131tmad\u0131\u011f\u0131 vurguland\u0131. Sar\u0131-k\u0131rm\u0131z\u0131l\u0131 y\u00f6netim, resmi a\u00e7\u0131klamas\u0131nda bas\u0131nda ve sosyal medyada yer alan yan\u0131lt\u0131c\u0131 haberlere itibar edilmemesi \u00e7a\u011fr\u0131s\u0131nda bulundu. Kul\u00fcp, &#8220;Bas\u0131nda ve sosyal medyada dola\u015fan haberlerin ve anlat\u0131lan [&hellip;]<\/p>\n","protected":false},"author":0,"featured_media":745,"comment_status":"open","ping_status":"open","sticky":false,"template":"","format":"standard","meta":{"footnotes":""},"categories":[32],"tags":[],"class_list":["post-744","post","type-post","status-publish","format-standard","has-post-thumbnail","hentry","category-spor"],"_links":{"self":[{"href":"https:\/\/sunpress4.com\/index.php\/wp-json\/wp\/v2\/posts\/744","targetHints":{"allow":["GET"]}}],"collection":[{"href":"https:\/\/sunpress4.com\/index.php\/wp-json\/wp\/v2\/posts"}],"about":[{"href":"https:\/\/sunpress4.com\/index.php\/wp-json\/wp\/v2\/types\/post"}],"replies":[{"embeddable":true,"href":"https:\/\/sunpress4.com\/index.php\/wp-json\/wp\/v2\/comments?post=744"}],"version-history":[{"count":1,"href":"https:\/\/sunpress4.com\/index.php\/wp-json\/wp\/v2\/posts\/744\/revisions"}],"predecessor-version":[{"id":746,"href":"https:\/\/sunpress4.com\/index.php\/wp-json\/wp\/v2\/posts\/744\/revisions\/746"}],"wp:featuredmedia":[{"embeddable":true,"href":"https:\/\/sunpress4.com\/index.php\/wp-json\/wp\/v2\/media\/745"}],"wp:attachment":[{"href":"https:\/\/sunpress4.com\/index.php\/wp-json\/wp\/v2\/media?parent=744"}],"wp:term":[{"taxonomy":"category","embeddable":true,"href":"https:\/\/sunpress4.com\/index.php\/wp-json\/wp\/v2\/categories?post=744"},{"taxonomy":"post_tag","embeddable":true,"href":"https:\/\/sunpress4.com\/index.php\/wp-json\/wp\/v2\/tags?post=744"}],"curies":[{"name":"wp","href":"https:\/\/api.w.org\/{rel}","templated":true}]}}