{"id":765,"date":"2026-01-17T12:00:36","date_gmt":"2026-01-17T09:00:36","guid":{"rendered":"https:\/\/sunpress4.com\/index.php\/2026\/01\/17\/canli-ve-ademola-lookman-imzaliyor-transferde-son-dakika-iste-tarihi\/"},"modified":"2026-01-17T12:00:38","modified_gmt":"2026-01-17T09:00:38","slug":"canli-ve-ademola-lookman-imzaliyor-transferde-son-dakika-iste-tarihi","status":"publish","type":"post","link":"https:\/\/sunpress4.com\/index.php\/2026\/01\/17\/canli-ve-ademola-lookman-imzaliyor-transferde-son-dakika-iste-tarihi\/","title":{"rendered":"CANLI |Ve Ademola Lookman imzal\u0131yor! Transferde son dakika, i\u015fte tarihi&#8230;"},"content":{"rendered":"<h1>S\u00fcper Lig Transfer Geli\u015fmeleri: Fenerbah\u00e7e, Galatasaray, Trabzonspor ve Be\u015fikta\u015f&#8217;ta Son Dakika Bombalar\u0131<\/h1>\n<p>S\u00fcper Lig&#8217;de ara transfer d\u00f6nemi h\u0131z kesmeden devam ediyor. T\u00fcrk futbolunun dev kul\u00fcpleri Fenerbah\u00e7e, Galatasaray, Trabzonspor ve Be\u015fikta\u015f, kadrolar\u0131n\u0131 g\u00fc\u00e7lendirmek i\u00e7in yo\u011fun bir mesai harcarken, y\u0131ld\u0131z oyuncular\u0131n transfer s\u00fcre\u00e7leri futbol g\u00fcndemini me\u015fgul ediyor. \u0130\u015fte 17 Ocak 2026 tarihi itibar\u0131yla transfer piyasas\u0131nda ya\u015fanan en \u00f6nemli geli\u015fmeler:<\/p>\n<h2>Fenerbah\u00e7e Transfer Haberleri: Kante ve Lookman \u0130\u00e7in Kritik S\u00fcre\u00e7<\/h2>\n<p>Fenerbah\u00e7e, orta saha ve h\u00fccum hatt\u0131na takviye yapmak i\u00e7in \u00f6nemli isimleri radar\u0131na alm\u0131\u015f durumda.<\/p>\n<h3>N&#8217;Golo Kante \u0130\u00e7in Sar\u0131-Lacivertli Israr<\/h3>\n<p><img decoding=\"async\" class=\"news-feed-item-image\" alt=\"Al-Ittihad, N&#x27;Golo Kante&#x27;yi b\u0131rakm\u0131yor\" src=\"https:\/\/image.fanatik.com.tr\/i\/fanatik\/75\/665x369\/696b33d9a4745ec4b296f6e3.jpg\"><br \/>\nOrta sahas\u0131n\u0131 d\u00fcnya y\u0131ld\u0131z\u0131 N&#8217;Golo Kante ile g\u00fc\u00e7lendirmeyi hedefleyen Fenerbah\u00e7e, Al-Ittihad ile g\u00f6r\u00fc\u015fmelerini s\u00fcrd\u00fcr\u00fcyor. Fanatik&#8217;in \u00f6zel haberine g\u00f6re, Al-Ittihad Sportif Direkt\u00f6r\u00fc Ramon Planes, Sergio Conceicao&#8217;nun Kante&#8217;yi sezon sonuna kadar tak\u0131mda tutmak istedi\u011fini belirtti. Ancak Fenerbah\u00e7e y\u00f6netimi, bu transferi yaza b\u0131rakmak istemiyor ve temaslar\u0131n\u0131 yar\u0131n da s\u00fcrd\u00fcrecek. Kante&#8217;nin \u00f6n\u00fcm\u00fczdeki 48 saat i\u00e7indeki tavr\u0131, transferin ak\u0131beti a\u00e7\u0131s\u0131ndan belirleyici olacak.<\/p>\n<h3>Ademola Lookman \u0130\u00e7in Ata\u015fehir \u0130halesi Bekleniyor<\/h3>\n<p><img decoding=\"async\" class=\"news-feed-item-image\" alt=\"Ademola Lookman, ocak ay\u0131n\u0131n son haftas\u0131nda F.Bah\u00e7e&#x27;ye geliyor!\" src=\"https:\/\/image.fanatik.com.tr\/i\/fanatik\/75\/665x369\/696b2ddaa4745ec4b296f6c1.jpg\"><br \/>\nSar\u0131-lacivertli ekibin bir di\u011fer transfer hedefi ise Atalanta&#8217;n\u0131n Nijeryal\u0131 kanat oyuncusu Ademola Lookman. Fenerbah\u00e7e&#8217;nin, bu transfer i\u00e7in 19 Ocak&#8217;ta ger\u00e7ekle\u015fecek Ata\u015fehir ihalesini bekledi\u011fi \u00f6\u011frenildi. \u0130halenin ard\u0131ndan elde edilecek gelirle Lookman i\u00e7in gerekli limitin a\u00e7\u0131laca\u011f\u0131 ve Kanarya&#8217;n\u0131n ba\u015far\u0131l\u0131 oyuncuyu ocak ay\u0131n\u0131n son haftas\u0131nda kadrosuna katmay\u0131 planlad\u0131\u011f\u0131 belirtiliyor.<\/p>\n<h3>Youssef En-Nesyri Bombas\u0131: Juventus da Devrede<\/h3>\n<p><img decoding=\"async\" class=\"news-feed-item-image\" alt=\"Juventus&#x27;tan Youssef En-Nesyri bombas\u0131\" src=\"https:\/\/image.fanatik.com.tr\/i\/fanatik\/75\/665x369\/696b3b39a4745ec4b296f709.jpg\"><br \/>\n\u0130talyan devi Juventus&#8217;un, Sevilla&#8217;n\u0131n golc\u00fc ismi Youssef En-Nesyri&#8217;yi radar\u0131na ald\u0131\u011f\u0131 ve bu transferde Fenerbah\u00e7e ile takas form\u00fcl\u00fc aray\u0131\u015f\u0131nda oldu\u011fu iddia edildi. \u0130talyan bas\u0131n\u0131na g\u00f6re Siyah-Beyazl\u0131lar, k\u0131sa s\u00fcre i\u00e7inde Fenerbah\u00e7e&#8217;nin kap\u0131s\u0131n\u0131 \u00e7alacak ve En-Nesyri i\u00e7in takas teklifinde bulunacak.<\/p>\n<h2>Galatasaray Transfer Haberleri: \u00c7alhano\u011flu ve Fofana Geli\u015fmeleri<\/h2>\n<p>\u015eampiyonluk yolunda emin ad\u0131mlarla ilerleyen Galatasaray, orta sahas\u0131n\u0131 g\u00fc\u00e7lendirme hedefini s\u00fcrd\u00fcr\u00fcyor.<\/p>\n<h3>Hakan \u00c7alhano\u011flu Transferinde Zorlu S\u00fcre\u00e7<\/h3>\n<p><img decoding=\"async\" class=\"news-feed-item-image\" alt=\"Hakan \u00c7alhano\u011flu, Cimbom&#x27;a &#x27;evet&#x27; dedi\" src=\"https:\/\/image.fanatik.com.tr\/i\/fanatik\/75\/665x369\/696b34eaa4745ec4b296f6e6.jpg\"><br \/>\nGalatasaray Teknik Direkt\u00f6r\u00fc Okan Buruk&#8217;un kadrosunda mutlaka g\u00f6rmek istedi\u011fi Hakan \u00c7alhano\u011flu i\u00e7in transfer g\u00f6r\u00fc\u015fmeleri devam ediyor. Inter, 31 ya\u015f\u0131ndaki milli orta saha oyuncusunu devre aras\u0131nda b\u0131rakmak istemezken, 30 milyon Euro gibi y\u00fcksek bir bonservis talep ediyor. Galatasaray cephesi ise 12-15 milyon Euro band\u0131nda bir \u00f6deme ile bu transferi bitirmekten yana. Hakan \u00c7alhano\u011flu&#8217;nun &#8220;Evet&#8221; demesi en b\u00fcy\u00fck avantaj olsa da, Inter&#8217;in 1 y\u0131ll\u0131k daha kontrat\u0131 bulunmas\u0131 sar\u0131-k\u0131rm\u0131z\u0131l\u0131lar\u0131n i\u015fini zorla\u015ft\u0131r\u0131yor. Taraflar\u0131n en k\u0131sa s\u00fcrede tekrar bir araya gelmesi bekleniyor.<\/p>\n<h3>Youssouf Fofana&#8217;dan Galatasaray&#8217;a Ret<\/h3>\n<p><img decoding=\"async\" class=\"news-feed-item-image\" alt=\"Aslan&#x27;a Fofana&#x27;dan k\u00f6t\u00fc haber\" src=\"https:\/\/image.fanatik.com.tr\/i\/fanatik\/75\/665x369\/696b3342a4745ec4b296f6db.jpg\"><br \/>\nGalatasaray&#8217;\u0131n orta saha i\u00e7in ilgilendi\u011fi bir di\u011fer isim olan Monaco&#8217;lu Youssouf Fofana&#8217;dan k\u00f6t\u00fc haber geldi. \u0130talyan gazeteci Matteo Moretto&#8217;nun haberine g\u00f6re, Galatasaray&#8217;\u0131n 30 milyon Euro&#8217;ya kadar bir teklif yapmaya haz\u0131r olmas\u0131na ra\u011fmen, oyuncunun net tavr\u0131 nedeniyle g\u00f6r\u00fc\u015fmeler tamamen durmu\u015f durumda. Fofana&#8217;n\u0131n Galatasaray&#8217;a &#8220;hay\u0131r&#8221; dedi\u011fi belirtiliyor.<\/p>\n<h2>Trabzonspor Transfer Haberleri: Gustavo Hamer Pe\u015finde<\/h2>\n<p>Trabzonspor, ara transfer d\u00f6neminde orta saha rotasyonunu g\u00fc\u00e7lendirme hedefiyle \u00e7al\u0131\u015fmalar\u0131n\u0131 s\u00fcrd\u00fcr\u00fcyor.<\/p>\n<h3>Gustavo Hamer Yeniden G\u00fcndemde<\/h3>\n<p><img decoding=\"async\" class=\"news-feed-item-image\" alt=\"Trabzonspor&#x27;un akl\u0131 Gustavo Hamer&#x27;da\" src=\"https:\/\/image.fanatik.com.tr\/i\/fanatik\/75\/665x369\/696b336ea4745ec4b296f6de.jpg\"><br \/>\nBordo-Mavililer, ge\u00e7ti\u011fimiz sezon da g\u00fcndemine ald\u0131\u011f\u0131 Sheffield United formas\u0131 giyen 28 ya\u015f\u0131ndaki Gustavo Hamer&#8217;in durumunu yak\u0131ndan izliyor. \u0130ngiliz kul\u00fcb\u00fcn\u00fcn Hamer i\u00e7in yakla\u015f\u0131k 6 milyon Pound bonservis bedeli belirledi\u011fi ve bu rakamda indirime gitmeye s\u0131cak bakmad\u0131\u011f\u0131 ifade edildi. Trabzonspor&#8217;un bu transferde yaln\u0131z olmad\u0131\u011f\u0131, Hollandal\u0131 futbolcuya \u0130spanya&#8217;dan Sevilla ve \u0130talya&#8217;dan Cremonese&#8217;nin de ilgi g\u00f6sterdi\u011fi gelen bilgiler aras\u0131nda.<\/p>\n<h2>Be\u015fikta\u015f Transfer Haberleri: Rafa Silva Benfica Yolunda<\/h2>\n<p>Be\u015fikta\u015f&#8217;\u0131n kadrosundan ayr\u0131labilece\u011fi konu\u015fulan isimlerden biri de Rafa Silva.<\/p>\n<h3>Rafa Silva \u0130\u00e7in Benfica Teklifini Yapt\u0131<\/h3>\n<p><img decoding=\"async\" class=\"news-feed-item-image\" alt=\"Rafa Silva, Benfica&#x27;ya do\u011fru\" src=\"https:\/\/image.fanatik.com.tr\/i\/fanatik\/75\/665x369\/696b32f3a4745ec4b296f6d7.jpg\"><br \/>\nPortekiz bas\u0131n\u0131ndan Record&#8217;a g\u00f6re, Benfica, Be\u015fikta\u015f&#8217;\u0131n y\u0131ld\u0131z oyuncusu Rafa Silva ile 2.5 y\u0131ll\u0131k anla\u015fmaya vard\u0131. Haberde, Benfica&#8217;n\u0131n Be\u015fikta\u015f&#8217;a 5 milyon Euro + bonus teklifinde bulundu\u011fu ve kul\u00fcpler aras\u0131ndaki g\u00f6r\u00fc\u015fmelerin devam etti\u011fi belirtiliyor. Bu transferin k\u0131sa s\u00fcre i\u00e7inde netlik kazanmas\u0131 bekleniyor.<\/p>\n<p>S\u00fcper Lig&#8217;deki transfer hareketlili\u011fi, tak\u0131mlar\u0131n ikinci yar\u0131daki performanslar\u0131n\u0131 do\u011frudan etkileyecek kritik kararlar al\u0131nmas\u0131na neden oluyor. Kul\u00fcplerin \u00f6n\u00fcm\u00fczdeki g\u00fcnlerde resmi a\u00e7\u0131klamalar yapmas\u0131yla birlikte, bu transfer hikayelerinin tamamlanmas\u0131 bekleniyor.<\/p>\n","protected":false},"excerpt":{"rendered":"<p>S\u00fcper Lig Transfer Geli\u015fmeleri: Fenerbah\u00e7e, Galatasaray, Trabzonspor ve Be\u015fikta\u015f&#8217;ta Son Dakika Bombalar\u0131 S\u00fcper Lig&#8217;de ara transfer d\u00f6nemi h\u0131z kesmeden devam ediyor. T\u00fcrk futbolunun dev kul\u00fcpleri Fenerbah\u00e7e, Galatasaray, Trabzonspor ve Be\u015fikta\u015f, kadrolar\u0131n\u0131 g\u00fc\u00e7lendirmek i\u00e7in yo\u011fun bir mesai harcarken, y\u0131ld\u0131z oyuncular\u0131n transfer s\u00fcre\u00e7leri futbol g\u00fcndemini me\u015fgul ediyor. \u0130\u015fte 17 Ocak 2026 tarihi itibar\u0131yla transfer piyasas\u0131nda ya\u015fanan en [&hellip;]<\/p>\n","protected":false},"author":0,"featured_media":766,"comment_status":"open","ping_status":"open","sticky":false,"template":"","format":"standard","meta":{"footnotes":""},"categories":[32],"tags":[],"class_list":["post-765","post","type-post","status-publish","format-standard","has-post-thumbnail","hentry","category-spor"],"_links":{"self":[{"href":"https:\/\/sunpress4.com\/index.php\/wp-json\/wp\/v2\/posts\/765","targetHints":{"allow":["GET"]}}],"collection":[{"href":"https:\/\/sunpress4.com\/index.php\/wp-json\/wp\/v2\/posts"}],"about":[{"href":"https:\/\/sunpress4.com\/index.php\/wp-json\/wp\/v2\/types\/post"}],"replies":[{"embeddable":true,"href":"https:\/\/sunpress4.com\/index.php\/wp-json\/wp\/v2\/comments?post=765"}],"version-history":[{"count":1,"href":"https:\/\/sunpress4.com\/index.php\/wp-json\/wp\/v2\/posts\/765\/revisions"}],"predecessor-version":[{"id":770,"href":"https:\/\/sunpress4.com\/index.php\/wp-json\/wp\/v2\/posts\/765\/revisions\/770"}],"wp:featuredmedia":[{"embeddable":true,"href":"https:\/\/sunpress4.com\/index.php\/wp-json\/wp\/v2\/media\/766"}],"wp:attachment":[{"href":"https:\/\/sunpress4.com\/index.php\/wp-json\/wp\/v2\/media?parent=765"}],"wp:term":[{"taxonomy":"category","embeddable":true,"href":"https:\/\/sunpress4.com\/index.php\/wp-json\/wp\/v2\/categories?post=765"},{"taxonomy":"post_tag","embeddable":true,"href":"https:\/\/sunpress4.com\/index.php\/wp-json\/wp\/v2\/tags?post=765"}],"curies":[{"name":"wp","href":"https:\/\/api.w.org\/{rel}","templated":true}]}}