{"id":783,"date":"2026-01-18T00:00:45","date_gmt":"2026-01-17T21:00:45","guid":{"rendered":"https:\/\/sunpress4.com\/index.php\/2026\/01\/18\/e-ticarette-fahis-fiyata-dev-ceza\/"},"modified":"2026-01-18T00:00:46","modified_gmt":"2026-01-17T21:00:46","slug":"e-ticarette-fahis-fiyata-dev-ceza","status":"publish","type":"post","link":"https:\/\/sunpress4.com\/index.php\/2026\/01\/18\/e-ticarette-fahis-fiyata-dev-ceza\/","title":{"rendered":"E-ticarette fahi\u015f fiyata dev ceza"},"content":{"rendered":"<p>Ticaret Bakanl\u0131\u011f\u0131, e-ticaret platformlar\u0131nda t\u00fcketicilerden gelen \u015fikayetler \u00fczerine harekete ge\u00e7erek, fahi\u015f fiyat art\u0131\u015f\u0131 yapt\u0131\u011f\u0131 tespit edilen i\u015fletmelere y\u00f6nelik \u00f6nemli yapt\u0131r\u0131mlar duyurdu. Yap\u0131lan incelemeler sonucunda, mevzuata ayk\u0131r\u0131 fiyatland\u0131rma yapan firmalara, her bir ihlal i\u00e7in 1 milyon 806 bin 177 liraya kadar idari para cezas\u0131 uygulanabilece\u011fi belirtildi. Bu ad\u0131m, haks\u0131z kazan\u00e7 sa\u011flama giri\u015fimlerine kar\u015f\u0131 kararl\u0131 bir duru\u015fun sergilendi\u011fini g\u00f6steriyor.<\/p>\n<p>Bakanl\u0131k taraf\u0131ndan yap\u0131lan a\u00e7\u0131klamada, 1 \u015eubat tarihinde y\u00fcr\u00fcrl\u00fc\u011fe giren &#8220;e-ithalat&#8221; olarak bilinen basitle\u015ftirilmi\u015f g\u00fcmr\u00fck sistemi sonras\u0131, e-ticaret sitelerindeki fiyatland\u0131rmalarla ilgili yo\u011fun \u015fikayetler al\u0131nd\u0131\u011f\u0131na dikkat \u00e7ekildi. Bu \u015fikayetler \u00fczerine h\u0131zla devreye giren Bakanl\u0131k, online pazaryerlerindeki potansiyel fiyat manip\u00fclasyonlar\u0131n\u0131 mercek alt\u0131na ald\u0131.<\/p>\n<p>Bu ba\u011flamda, e-ticaret pazaryerlerinde sat\u0131\u015fa sunulan ve kamuoyunda tart\u0131\u015fma yaratan \u00fcr\u00fcnler hakk\u0131nda kapsaml\u0131 tespitler ger\u00e7ekle\u015ftirildi. \u00d6zellikle Perakende Ticaretin D\u00fczenlenmesi Hakk\u0131nda Kanun ile Elektronik Ticaretin D\u00fczenlenmesi Hakk\u0131nda Kanun h\u00fck\u00fcmleri \u00e7er\u00e7evesinde, anormal fiyat art\u0131\u015flar\u0131n\u0131n titizlikle incelenmesi zorunlulu\u011fu do\u011fdu. Bakanl\u0131k, ilgili e-ticaret platformlar\u0131ndan s\u00fcrekli olarak detayl\u0131 bilgi ve belge talep ederek, y\u00fcksek oranl\u0131 fiyat art\u0131\u015f\u0131 iddialar\u0131n\u0131 derinlemesine soru\u015fturmaktad\u0131r.<\/p>\n<p>Toplanan bilgi ve belgelerin analizi neticesinde, fahi\u015f fiyat art\u0131\u015f\u0131 yapt\u0131\u011f\u0131 kesinle\u015fen \u00fcr\u00fcnlerin ilgili kanun maddelerine ayk\u0131r\u0131l\u0131k te\u015fkil etti\u011fi vurguland\u0131. Bu do\u011frultuda, mevzuata ayk\u0131r\u0131 \u015fekilde fiyatland\u0131r\u0131lan \u00fcr\u00fcnlere eri\u015fimin an\u0131nda engellenmesi y\u00f6n\u00fcnde e-ticaret pazaryerlerine talimat verildi. Elde edilen denetim sonu\u00e7lar\u0131, nihai karar i\u00e7in Haks\u0131z Fiyat De\u011ferlendirme Kurulu&#8217;nda g\u00f6r\u00fc\u015f\u00fclecek ve tespit edilen ihlaller i\u00e7in yukar\u0131da belirtilen y\u00fcksek idari para cezalar\u0131 uygulanacakt\u0131r.<\/p>\n<p>Ticaret Bakanl\u0131\u011f\u0131, t\u00fcketicinin sa\u011fl\u0131\u011f\u0131 ve g\u00fcvenli\u011fini \u00f6nceliklendirmenin yan\u0131 s\u0131ra, adil ticaret ilkelerinin tesis edilmesi ve \u015feffaf bir piyasa d\u00fczeninin sa\u011flanmas\u0131 hedefleriyle m\u00fccadelesini s\u00fcrd\u00fcr\u00fcyor. \u0130\u015fini d\u00fczg\u00fcn yapan ticari i\u015fletmeleri haks\u0131z rekabetten korumak ad\u0131na, toplumsal hassasiyetleri k\u00f6t\u00fcye kullanarak haks\u0131z kazan\u00e7 pe\u015finde ko\u015fanlara kar\u015f\u0131 denetimlerin aral\u0131ks\u0131z devam edece\u011fi a\u00e7\u0131k\u00e7a ifade edildi. Bu ad\u0131mlar, online al\u0131\u015fveri\u015f ortam\u0131nda g\u00fcvenilirli\u011fi ve adil rekabeti g\u00fcvence alt\u0131na almay\u0131 ama\u00e7lamaktad\u0131r.<\/p>\n","protected":false},"excerpt":{"rendered":"<p>Ticaret Bakanl\u0131\u011f\u0131, e-ticaret platformlar\u0131nda t\u00fcketicilerden gelen \u015fikayetler \u00fczerine harekete ge\u00e7erek, fahi\u015f fiyat art\u0131\u015f\u0131 yapt\u0131\u011f\u0131 tespit edilen i\u015fletmelere y\u00f6nelik \u00f6nemli yapt\u0131r\u0131mlar duyurdu. Yap\u0131lan incelemeler sonucunda, mevzuata ayk\u0131r\u0131 fiyatland\u0131rma yapan firmalara, her bir ihlal i\u00e7in 1 milyon 806 bin 177 liraya kadar idari para cezas\u0131 uygulanabilece\u011fi belirtildi. Bu ad\u0131m, haks\u0131z kazan\u00e7 sa\u011flama giri\u015fimlerine kar\u015f\u0131 kararl\u0131 bir duru\u015fun [&hellip;]<\/p>\n","protected":false},"author":0,"featured_media":784,"comment_status":"open","ping_status":"open","sticky":false,"template":"","format":"standard","meta":{"footnotes":""},"categories":[2],"tags":[],"class_list":["post-783","post","type-post","status-publish","format-standard","has-post-thumbnail","hentry","category-ekonomi"],"_links":{"self":[{"href":"https:\/\/sunpress4.com\/index.php\/wp-json\/wp\/v2\/posts\/783","targetHints":{"allow":["GET"]}}],"collection":[{"href":"https:\/\/sunpress4.com\/index.php\/wp-json\/wp\/v2\/posts"}],"about":[{"href":"https:\/\/sunpress4.com\/index.php\/wp-json\/wp\/v2\/types\/post"}],"replies":[{"embeddable":true,"href":"https:\/\/sunpress4.com\/index.php\/wp-json\/wp\/v2\/comments?post=783"}],"version-history":[{"count":1,"href":"https:\/\/sunpress4.com\/index.php\/wp-json\/wp\/v2\/posts\/783\/revisions"}],"predecessor-version":[{"id":785,"href":"https:\/\/sunpress4.com\/index.php\/wp-json\/wp\/v2\/posts\/783\/revisions\/785"}],"wp:featuredmedia":[{"embeddable":true,"href":"https:\/\/sunpress4.com\/index.php\/wp-json\/wp\/v2\/media\/784"}],"wp:attachment":[{"href":"https:\/\/sunpress4.com\/index.php\/wp-json\/wp\/v2\/media?parent=783"}],"wp:term":[{"taxonomy":"category","embeddable":true,"href":"https:\/\/sunpress4.com\/index.php\/wp-json\/wp\/v2\/categories?post=783"},{"taxonomy":"post_tag","embeddable":true,"href":"https:\/\/sunpress4.com\/index.php\/wp-json\/wp\/v2\/tags?post=783"}],"curies":[{"name":"wp","href":"https:\/\/api.w.org\/{rel}","templated":true}]}}