{"id":798,"date":"2026-01-18T12:00:31","date_gmt":"2026-01-18T09:00:31","guid":{"rendered":"https:\/\/sunpress4.com\/index.php\/2026\/01\/18\/esenbogada-3-pist-ve-yeni-kule-aciliyor\/"},"modified":"2026-01-18T12:00:31","modified_gmt":"2026-01-18T09:00:31","slug":"esenbogada-3-pist-ve-yeni-kule-aciliyor","status":"publish","type":"post","link":"https:\/\/sunpress4.com\/index.php\/2026\/01\/18\/esenbogada-3-pist-ve-yeni-kule-aciliyor\/","title":{"rendered":"Esenbo\u011fa&#8217;da 3. pist ve yeni kule a\u00e7\u0131l\u0131yor"},"content":{"rendered":"<p>Ula\u015ft\u0131rma ve Altyap\u0131 Bakan\u0131 Abdulkadir Uralo\u011flu, ba\u015fkent Ankara&#8217;n\u0131n havac\u0131l\u0131k kap\u0131s\u0131 Esenbo\u011fa Havaliman\u0131&#8217;nda d\u00fczenlenen bas\u0131n toplant\u0131s\u0131nda, havaliman\u0131n\u0131n kapasitesini \u00f6nemli \u00f6l\u00e7\u00fcde art\u0131racak projenin ilk etab\u0131n\u0131n tamamland\u0131\u011f\u0131n\u0131 ve 19 Ocak Pazartesi g\u00fcn\u00fc Cumhurba\u015fkan\u0131 Recep Tayyip Erdo\u011fan&#8217;\u0131n te\u015frifleriyle hizmete a\u00e7\u0131laca\u011f\u0131n\u0131 duyurdu. Uralo\u011flu, bu b\u00fcy\u00fck yat\u0131r\u0131m\u0131n, 3 bin 750 metre uzunlu\u011fundaki \u00fc\u00e7\u00fcnc\u00fc pist, 77 metre y\u00fcksekli\u011findeki modern hava trafik kontrol kulesi ve beraberindeki t\u00fcm tesislerle birlikte milletin hizmetine sunuldu\u011funu ifade etti.<\/p>\n<p>Bakan Uralo\u011flu, Esenbo\u011fa Havaliman\u0131&#8217;n\u0131 \u00e7a\u011fda\u015f ve yenilik\u00e7i bir vizyonla geli\u015ftirme \u00e7al\u0131\u015fmalar\u0131n\u0131n iki etaptan olu\u015ftu\u011funu ve bu kapsamda birinci etap i\u015flerinin ba\u015far\u0131yla tamamland\u0131\u011f\u0131n\u0131 vurgulad\u0131. Yap\u0131lan detayl\u0131 a\u00e7\u0131klamada, projenin ilk a\u015famas\u0131nda ger\u00e7ekle\u015ftirilen devasa altyap\u0131 ve \u00fcstyap\u0131 yat\u0131r\u0131mlar\u0131 g\u00f6zler \u00f6n\u00fcne serildi. Havaliman\u0131n\u0131n altyap\u0131s\u0131, 75 metre geni\u015fli\u011finde ve 3 bin 750 metre uzunlu\u011funda dev bir \u00fc\u00e7\u00fcnc\u00fc pist ile g\u00fc\u00e7lendirildi. Ayr\u0131ca, 77 metre y\u00fcksekli\u011findeki yeni nesil Hava Trafik Kontrol Kulesi ve 13 bin 500 metrekarelik Teknik Blo\u011fu ile havaliman\u0131 operasyonel kapasitesini zirveye ta\u015f\u0131d\u0131.<\/p>\n<p>Bu kapsaml\u0131 proje dahilinde, 85 bin metrekare b\u00fcy\u00fckl\u00fc\u011f\u00fcnde, ayn\u0131 anda 6 u\u00e7a\u011fa park imkan\u0131 sunan yeni bir kargo apronu in\u015fa edildi. Buna ek olarak, ba\u011flant\u0131 ve servis yollar\u0131 da dahil olmak \u00fczere yakla\u015f\u0131k 945 bin metrekarelik devasa bir kaplama sahas\u0131 olu\u015fturuldu. Havaliman\u0131n\u0131n operasyonel verimlili\u011fini art\u0131rmak amac\u0131yla 3 adet ba\u011flant\u0131 taksi yolu ve 5 adet h\u0131zl\u0131 \u00e7\u0131k\u0131\u015f taksi yolu eklendi. Destekleyici binalar olarak 5 bin 850 metrekarelik u\u00e7u\u015f kontrol hangar\u0131, 13 bin 500 metrekarelik hava trafik kontrol kulesi ve teknik blok, 5 bin 750 metrekarelik G\u00fcmr\u00fck M\u00fcd\u00fcrl\u00fc\u011f\u00fc binas\u0131, 4 bin 750 metrekarelik \u00f6zel maksatl\u0131 garaj, 2 bin 100 metrekarelik yeni ARFF (itfaiye) \u0130stasyonu, 4 bin 750 metrekarelik \u0131s\u0131 merkezi ve su deposu, 825 metrekarelik \u00f6zel ayd\u0131nlatma bak\u0131m binas\u0131, 800 metrekarelik apron bariyer binas\u0131, 920 metrekarelik nizamiye binas\u0131, 15 adet n\u00f6bet\u00e7i kulesi ve 232 metrekarelik ana nizamiye binas\u0131 gibi toplamda 41 bin 52 metrekare in\u015faat alan\u0131na sahip \u00e7ok say\u0131da yap\u0131, en son teknolojiyle donat\u0131larak hizmete sunuldu.<\/p>\n<p>Bakan Uralo\u011flu, projenin tamamlay\u0131c\u0131 unsurlar\u0131n\u0131n da b\u00fcy\u00fck bir titizlikle bitirildi\u011fini belirtti. Bu \u00e7al\u0131\u015fmalar aras\u0131nda, bin 200 ara\u00e7 kapasiteli geni\u015f bir a\u00e7\u0131k otopark, 3 bin 545 metre uzunlu\u011funda sa\u011flam bir \u00e7evre g\u00fcvenlik duvar\u0131, 12 bin 20 metre uzunlu\u011funda modern \u00e7evre g\u00fcvenlik duvar\u0131 ayd\u0131nlatmas\u0131 ve 18 bin 300 metre uzunlu\u011funda geli\u015fmi\u015f kamera izleme sistemi yer al\u0131yor. Bu entegre g\u00fcvenlik \u00e7\u00f6z\u00fcmleri, havaliman\u0131n\u0131n \u00e7evresel g\u00fcvenli\u011fini en \u00fcst d\u00fczeye \u00e7\u0131kar\u0131yor.<\/p>\n<p>T\u00fcm bu yat\u0131r\u0131mlar\u0131n sonucunda, Ankara Esenbo\u011fa Havaliman\u0131&#8217;n\u0131n hem bug\u00fcn\u00fcn hem de gelece\u011fin ihtiya\u00e7lar\u0131n\u0131 kar\u015f\u0131layacak, ba\u015fkentimize ve \u00fclkemize yak\u0131\u015f\u0131r, modern, g\u00fcvenli ve y\u00fcksek kapasiteli bir k\u00fcresel havac\u0131l\u0131k merkezi kimli\u011fine kavu\u015ftu\u011funu belirten Bakan Uralo\u011flu, havaliman\u0131n\u0131n y\u0131ll\u0131k yolcu kapasitesinin 20 milyondan 30 milyona y\u00fckseldi\u011fini ve bu art\u0131\u015fla ba\u015fkentin uluslararas\u0131 arenada daha fazla irtifa kazand\u0131\u011f\u0131n\u0131 s\u00f6zlerine ekledi. Esenbo\u011fa Havaliman\u0131, bu devasa d\u00f6n\u00fc\u015f\u00fcmle b\u00f6lgesel ve k\u00fcresel havac\u0131l\u0131k sekt\u00f6r\u00fcnde \u00f6nemli bir oyuncu olma yolunda emin ad\u0131mlarla ilerliyor.<\/p>\n","protected":false},"excerpt":{"rendered":"<p>Ula\u015ft\u0131rma ve Altyap\u0131 Bakan\u0131 Abdulkadir Uralo\u011flu, ba\u015fkent Ankara&#8217;n\u0131n havac\u0131l\u0131k kap\u0131s\u0131 Esenbo\u011fa Havaliman\u0131&#8217;nda d\u00fczenlenen bas\u0131n toplant\u0131s\u0131nda, havaliman\u0131n\u0131n kapasitesini \u00f6nemli \u00f6l\u00e7\u00fcde art\u0131racak projenin ilk etab\u0131n\u0131n tamamland\u0131\u011f\u0131n\u0131 ve 19 Ocak Pazartesi g\u00fcn\u00fc Cumhurba\u015fkan\u0131 Recep Tayyip Erdo\u011fan&#8217;\u0131n te\u015frifleriyle hizmete a\u00e7\u0131laca\u011f\u0131n\u0131 duyurdu. Uralo\u011flu, bu b\u00fcy\u00fck yat\u0131r\u0131m\u0131n, 3 bin 750 metre uzunlu\u011fundaki \u00fc\u00e7\u00fcnc\u00fc pist, 77 metre y\u00fcksekli\u011findeki modern hava trafik kontrol [&hellip;]<\/p>\n","protected":false},"author":0,"featured_media":799,"comment_status":"open","ping_status":"open","sticky":false,"template":"","format":"standard","meta":{"footnotes":""},"categories":[2],"tags":[],"class_list":["post-798","post","type-post","status-publish","format-standard","has-post-thumbnail","hentry","category-ekonomi"],"_links":{"self":[{"href":"https:\/\/sunpress4.com\/index.php\/wp-json\/wp\/v2\/posts\/798","targetHints":{"allow":["GET"]}}],"collection":[{"href":"https:\/\/sunpress4.com\/index.php\/wp-json\/wp\/v2\/posts"}],"about":[{"href":"https:\/\/sunpress4.com\/index.php\/wp-json\/wp\/v2\/types\/post"}],"replies":[{"embeddable":true,"href":"https:\/\/sunpress4.com\/index.php\/wp-json\/wp\/v2\/comments?post=798"}],"version-history":[{"count":1,"href":"https:\/\/sunpress4.com\/index.php\/wp-json\/wp\/v2\/posts\/798\/revisions"}],"predecessor-version":[{"id":800,"href":"https:\/\/sunpress4.com\/index.php\/wp-json\/wp\/v2\/posts\/798\/revisions\/800"}],"wp:featuredmedia":[{"embeddable":true,"href":"https:\/\/sunpress4.com\/index.php\/wp-json\/wp\/v2\/media\/799"}],"wp:attachment":[{"href":"https:\/\/sunpress4.com\/index.php\/wp-json\/wp\/v2\/media?parent=798"}],"wp:term":[{"taxonomy":"category","embeddable":true,"href":"https:\/\/sunpress4.com\/index.php\/wp-json\/wp\/v2\/categories?post=798"},{"taxonomy":"post_tag","embeddable":true,"href":"https:\/\/sunpress4.com\/index.php\/wp-json\/wp\/v2\/tags?post=798"}],"curies":[{"name":"wp","href":"https:\/\/api.w.org\/{rel}","templated":true}]}}