{"id":837,"date":"2026-01-19T12:00:35","date_gmt":"2026-01-19T09:00:35","guid":{"rendered":"https:\/\/sunpress4.com\/index.php\/2026\/01\/19\/otomotiv-ihracatinda-rekor\/"},"modified":"2026-01-19T12:00:36","modified_gmt":"2026-01-19T09:00:36","slug":"otomotiv-ihracatinda-rekor","status":"publish","type":"post","link":"https:\/\/sunpress4.com\/index.php\/2026\/01\/19\/otomotiv-ihracatinda-rekor\/","title":{"rendered":"Otomotiv ihracat\u0131nda rekor"},"content":{"rendered":"<p>Otomotiv Sanayii Derne\u011fi (OSD) taraf\u0131ndan payla\u015f\u0131lan 2025 y\u0131l\u0131 verileri, T\u00fcrk otomotiv sekt\u00f6r\u00fcn\u00fcn \u00fcretim, ihracat ve i\u00e7 pazar performans\u0131na dair \u00f6nemli bulgular\u0131 ortaya koydu.<\/p>\n<p>2025 y\u0131l\u0131nda toplam otomotiv \u00fcretimi, bir \u00f6nceki y\u0131la g\u00f6re y\u00fczde 4&#8217;l\u00fck bir art\u0131\u015fla 1 milyon 419 bin 464 adede ula\u015ft\u0131. Ancak otomobil \u00fcretimi y\u00fczde 4&#8217;l\u00fck bir d\u00fc\u015f\u00fc\u015fle 872 bin 539 adet olarak ger\u00e7ekle\u015fti. Trakt\u00f6r \u00fcretimi de dahil edildi\u011finde, sekt\u00f6r\u00fcn toplam \u00fcretimi 1 milyon 445 bin 921 adedi buldu.<\/p>\n<p>Ticari ara\u00e7 grubunda 2025&#8217;te kayda de\u011fer bir y\u00fckseli\u015f ya\u015fand\u0131; \u00fcretimde y\u00fczde 19, hafif ticari ara\u00e7larda y\u00fczde 21 ve a\u011f\u0131r ticari ara\u00e7larda ise y\u00fczde 1&#8217;lik art\u0131\u015f kaydedildi.<\/p>\n<p>Sekt\u00f6rde kapasite kullan\u0131m oran\u0131 2025&#8217;te y\u00fczde 67 olarak \u00f6l\u00e7\u00fcld\u00fc. Ara\u00e7 gruplar\u0131na g\u00f6re incelendi\u011finde, hafif ara\u00e7larda (otomobil + hafif ticari) y\u00fczde 68, kamyonlarda y\u00fczde 57, otob\u00fcs-midib\u00fcs grubunda y\u00fczde 68 ve trakt\u00f6r \u00fcretiminde y\u00fczde 35 kapasite kullan\u0131m oranlar\u0131 g\u00f6zlendi.<\/p>\n<h2 class=\"widget-title mb-5 font-bold text-base\">2025 Otomotiv \u0130hracat\u0131nda Tarihi Rekor<\/h2>\n<p>2025 y\u0131l\u0131, otomotiv ihracat\u0131nda tarihi bir zirveye sahne oldu. \u0130hracat adetleri bir \u00f6nceki y\u0131la k\u0131yasla y\u00fczde 4 artarak 1 milyon 57 bin 920 adede ula\u015ft\u0131.<\/p>\n<p>Ayn\u0131 d\u00f6nemde, otomobil ihracat\u0131 adet baz\u0131nda y\u00fczde 8&#8217;lik bir d\u00fc\u015f\u00fc\u015f g\u00f6sterirken, ticari ara\u00e7 ihracat\u0131 y\u00fczde 28 gibi \u00f6nemli bir oranda art\u0131\u015f kaydetti. Trakt\u00f6r ihracat\u0131 ise 2024 y\u0131l\u0131na g\u00f6re y\u00fczde 13 azalarak 11 bin 261 adet olarak ger\u00e7ekle\u015fti.<\/p>\n<p>T\u00fcrkiye \u0130hracat\u00e7\u0131lar Meclisi (T\u0130M) verilerine g\u00f6re, toplam otomotiv sanayi ihracat\u0131, 2025 y\u0131l\u0131nda da y\u00fczde 17,6&#8217;l\u0131k pay ile sekt\u00f6rel ihracat s\u0131ralamas\u0131nda liderli\u011fini korudu. Uluda\u011f \u0130hracat\u00e7\u0131 Birlikleri (U\u0130B) raporlar\u0131na g\u00f6re, 2025&#8217;te toplam otomotiv ihracat\u0131 y\u00fczde 12 art\u0131\u015fla 41.5 milyar dolara ula\u015farak t\u00fcm zamanlar\u0131n en y\u00fcksek ihracat tutar\u0131 olarak kay\u0131tlara ge\u00e7ti.<\/p>\n<p>Dolar baz\u0131nda otomobil ihracat\u0131 y\u00fczde 4 art\u0131\u015fla 11,8 milyar dolara y\u00fckselirken, ana sanayi ihracat\u0131 y\u00fczde 15, tedarik sanayi ihracat\u0131 ise y\u00fczde 6 oran\u0131nda art\u0131\u015f g\u00f6sterdi.<\/p>\n<h2 class=\"widget-title mb-5 font-bold text-base\">T\u00fcrkiye \u0130\u00e7 Otomotiv Pazar\u0131 2025&#8217;te Y\u00fczde 10 B\u00fcy\u00fcd\u00fc<\/h2>\n<p>2025 y\u0131l\u0131nda T\u00fcrkiye i\u00e7 pazar\u0131, bir \u00f6nceki y\u0131la g\u00f6re y\u00fczde 10&#8217;luk bir b\u00fcy\u00fcme kaydederek 1 milyon 413 bin 903 adet seviyesine ula\u015ft\u0131. Otomobil pazar\u0131 da y\u00fczde 11 oran\u0131nda artarak 1 milyon 84 bin 496 adetlik sat\u0131\u015f ger\u00e7ekle\u015ftirdi.<\/p>\n<p>Toplam ticari ara\u00e7 pazar\u0131 2025&#8217;te y\u00fczde 8, hafif ticari ara\u00e7 pazar\u0131 ise y\u00fczde 10 b\u00fcy\u00fcrken, a\u011f\u0131r ticari ara\u00e7 pazar\u0131nda y\u00fczde 4&#8217;l\u00fck bir daralma g\u00f6zlendi.<\/p>\n<p>2025 y\u0131l\u0131 ocak-aral\u0131k d\u00f6neminde otomobil sat\u0131\u015flar\u0131ndaki yerli ara\u00e7 pay\u0131 y\u00fczde 30 olarak belirlenirken, hafif ticari ara\u00e7 pazar\u0131nda yerli ara\u00e7lar\u0131n pay\u0131 y\u00fczde 22 seviyesinde ger\u00e7ekle\u015fti.<\/p>\n","protected":false},"excerpt":{"rendered":"<p>Otomotiv Sanayii Derne\u011fi (OSD) taraf\u0131ndan payla\u015f\u0131lan 2025 y\u0131l\u0131 verileri, T\u00fcrk otomotiv sekt\u00f6r\u00fcn\u00fcn \u00fcretim, ihracat ve i\u00e7 pazar performans\u0131na dair \u00f6nemli bulgular\u0131 ortaya koydu. 2025 y\u0131l\u0131nda toplam otomotiv \u00fcretimi, bir \u00f6nceki y\u0131la g\u00f6re y\u00fczde 4&#8217;l\u00fck bir art\u0131\u015fla 1 milyon 419 bin 464 adede ula\u015ft\u0131. Ancak otomobil \u00fcretimi y\u00fczde 4&#8217;l\u00fck bir d\u00fc\u015f\u00fc\u015fle 872 bin 539 adet olarak [&hellip;]<\/p>\n","protected":false},"author":0,"featured_media":838,"comment_status":"open","ping_status":"open","sticky":false,"template":"","format":"standard","meta":{"footnotes":""},"categories":[2],"tags":[],"class_list":["post-837","post","type-post","status-publish","format-standard","has-post-thumbnail","hentry","category-ekonomi"],"_links":{"self":[{"href":"https:\/\/sunpress4.com\/index.php\/wp-json\/wp\/v2\/posts\/837","targetHints":{"allow":["GET"]}}],"collection":[{"href":"https:\/\/sunpress4.com\/index.php\/wp-json\/wp\/v2\/posts"}],"about":[{"href":"https:\/\/sunpress4.com\/index.php\/wp-json\/wp\/v2\/types\/post"}],"replies":[{"embeddable":true,"href":"https:\/\/sunpress4.com\/index.php\/wp-json\/wp\/v2\/comments?post=837"}],"version-history":[{"count":1,"href":"https:\/\/sunpress4.com\/index.php\/wp-json\/wp\/v2\/posts\/837\/revisions"}],"predecessor-version":[{"id":839,"href":"https:\/\/sunpress4.com\/index.php\/wp-json\/wp\/v2\/posts\/837\/revisions\/839"}],"wp:featuredmedia":[{"embeddable":true,"href":"https:\/\/sunpress4.com\/index.php\/wp-json\/wp\/v2\/media\/838"}],"wp:attachment":[{"href":"https:\/\/sunpress4.com\/index.php\/wp-json\/wp\/v2\/media?parent=837"}],"wp:term":[{"taxonomy":"category","embeddable":true,"href":"https:\/\/sunpress4.com\/index.php\/wp-json\/wp\/v2\/categories?post=837"},{"taxonomy":"post_tag","embeddable":true,"href":"https:\/\/sunpress4.com\/index.php\/wp-json\/wp\/v2\/tags?post=837"}],"curies":[{"name":"wp","href":"https:\/\/api.w.org\/{rel}","templated":true}]}}