{"id":844,"date":"2026-01-20T00:00:32","date_gmt":"2026-01-19T21:00:32","guid":{"rendered":"https:\/\/sunpress4.com\/index.php\/2026\/01\/20\/esenbogada-3-pist-ve-yeni-kule-acildi\/"},"modified":"2026-01-20T00:00:33","modified_gmt":"2026-01-19T21:00:33","slug":"esenbogada-3-pist-ve-yeni-kule-acildi","status":"publish","type":"post","link":"https:\/\/sunpress4.com\/index.php\/2026\/01\/20\/esenbogada-3-pist-ve-yeni-kule-acildi\/","title":{"rendered":"Esenbo\u011fa&#8217;da 3. pist ve yeni kule a\u00e7\u0131ld\u0131"},"content":{"rendered":"<p>Cumhurba\u015fkan\u0131 Recep Tayyip Erdo\u011fan, T\u00fcrkiye&#8217;nin ba\u015fkenti Ankara&#8217;daki Esenbo\u011fa Havaliman\u0131&#8217;n\u0131n havac\u0131l\u0131k kapasitesini \u00f6nemli \u00f6l\u00e7\u00fcde art\u0131ran 3. Pist, Yeni Hava Trafik Kontrol Kulesi ve Tamamlay\u0131c\u0131 Tesislerin a\u00e7\u0131l\u0131\u015f t\u00f6reninde kritik a\u00e7\u0131klamalarda bulundu.<\/p>\n<p>Cumhurba\u015fkan\u0131 Erdo\u011fan, Ankara Esenbo\u011fa Havaliman\u0131&#8217;n\u0131n yeni tesislerinin \u00fclkeye, millete ve \u00f6zellikle havac\u0131l\u0131k sekt\u00f6r\u00fcne hay\u0131rl\u0131 olmas\u0131n\u0131 temenni etti. \u0130ki a\u015famal\u0131 projenin ilk etab\u0131n\u0131n tamamlanmas\u0131yla T\u00fcrkiye&#8217;nin havac\u0131l\u0131ktaki y\u00fckseli\u015f ivmesinin daha da h\u0131z kazanaca\u011f\u0131n\u0131 belirtti. H\u00fck\u00fcmetin 23 y\u0131ld\u0131r millete hizmet d\u00fcsturuyla \u00e7al\u0131\u015ft\u0131\u011f\u0131n\u0131 vurgulayan Erdo\u011fan, muhalefetin engelleme \u00e7abalar\u0131na ra\u011fmen &#8220;eser ve hizmet siyaseti&#8221;nden \u00f6d\u00fcn verilmedi\u011fini, T\u00fcrkiye&#8217;nin art\u0131k uluslararas\u0131 alanda takip eden de\u011fil, takip edilen bir g\u00fc\u00e7 haline geldi\u011fini ifade etti.<\/p>\n<p>Erdo\u011fan, T\u00fcrkiye&#8217;nin havac\u0131l\u0131k alan\u0131ndaki devasa d\u00f6n\u00fc\u015f\u00fcm\u00fcn\u00fc rakamlarla g\u00f6zler \u00f6n\u00fcne serdi. Aktif havaliman\u0131 say\u0131s\u0131n\u0131n 58&#8217;e ula\u015ft\u0131\u011f\u0131n\u0131, T\u00fcrkiye&#8217;nin d\u00fcnyan\u0131n en geni\u015f u\u00e7u\u015f a\u011flar\u0131ndan birine sahip oldu\u011funu ve en fazla hava ula\u015f\u0131m anla\u015fmas\u0131 imzalayan \u00fclkeler aras\u0131nda yer ald\u0131\u011f\u0131n\u0131 kaydetti. D\u0131\u015f hat u\u00e7u\u015f nokta say\u0131s\u0131n\u0131n 60&#8217;tan 356&#8217;ya y\u00fckseldi\u011fini, y\u0131ll\u0131k yolcu say\u0131s\u0131n\u0131n ise 34 milyondan 247 milyonu a\u015farak, Avrupa&#8217;da ikinci, d\u00fcnyada ise yedinci s\u0131raya yerle\u015fildi\u011fini belirtti. Muhalefetin yo\u011fun ele\u015ftirilerine ra\u011fmen \u0130stanbul Havaliman\u0131&#8217;n\u0131n Avrupa&#8217;daki lider konumunu korudu\u011funu hat\u0131rlatan Cumhurba\u015fkan\u0131, Esenbo\u011fa Havaliman\u0131&#8217;n\u0131n da son 23 y\u0131lda u\u00e7u\u015f trafi\u011finde %159, yolcu trafi\u011finde ise %355 oran\u0131nda rekor bir b\u00fcy\u00fcme kaydetti\u011fini vurgulad\u0131.<\/p>\n<p>Cumhurba\u015fkan\u0131 Erdo\u011fan, a\u00e7\u0131l\u0131\u015f\u0131 yap\u0131lan projenin detaylar\u0131n\u0131 aktararak, 75 metre geni\u015fli\u011finde ve 3750 metre uzunlu\u011funda \u00fc\u00e7\u00fcnc\u00fc bir pist, 77 metre y\u00fcksekli\u011finde modern bir hava trafik kontrol kulesi ile 85 bin metrekarelik, alt\u0131 u\u00e7ak kapasiteli kargo apronu ve 1200 ara\u00e7l\u0131k a\u00e7\u0131k otopark\u0131n havaliman\u0131na kazand\u0131r\u0131ld\u0131\u011f\u0131n\u0131 bildirdi. Ankara&#8217;y\u0131 bu yeni ve modern tesislerle bulu\u015fturmaktan gurur duyduklar\u0131n\u0131 dile getirdi. Toplam 298 milyon Euro yat\u0131r\u0131m de\u011ferine sahip bu projenin, devletin kasas\u0131ndan tek kuru\u015f harcanmadan ve yolcu garantisi verilmeden hayata ge\u00e7irildi\u011finin alt\u0131n\u0131 \u00e7izdi. Proje sayesinde 25 y\u0131ll\u0131k i\u015fletme s\u00fcresi boyunca 560 milyon Euro kira geliri elde edilece\u011fini, yat\u0131r\u0131mc\u0131 \u015firketin kiran\u0131n %25&#8217;ini pe\u015fin \u00f6dedi\u011fini ve bu gelirin \u00e7al\u0131\u015fmalar tamamlanmadan Nisan 2023&#8217;te devlet kasas\u0131na girdi\u011fini vurgulad\u0131. Bu modelin &#8220;kamu \u00f6zel i\u015f birli\u011finin&#8221; en ba\u015far\u0131l\u0131 \u00f6rneklerinden biri oldu\u011funu belirten Erdo\u011fan, kendileriyle muhalefet aras\u0131ndaki temel fark\u0131n, milletin kaynaklar\u0131n\u0131 milletin refah\u0131 i\u00e7in kullanmak oldu\u011funu, vatanda\u015f\u0131 s\u00f6m\u00fcrmeye \u00e7al\u0131\u015fanlara kar\u015f\u0131 bu hassasiyetle \u00e7al\u0131\u015fmaya devam edeceklerini s\u00f6zlerine ekledi.<\/p>\n","protected":false},"excerpt":{"rendered":"<p>Cumhurba\u015fkan\u0131 Recep Tayyip Erdo\u011fan, T\u00fcrkiye&#8217;nin ba\u015fkenti Ankara&#8217;daki Esenbo\u011fa Havaliman\u0131&#8217;n\u0131n havac\u0131l\u0131k kapasitesini \u00f6nemli \u00f6l\u00e7\u00fcde art\u0131ran 3. Pist, Yeni Hava Trafik Kontrol Kulesi ve Tamamlay\u0131c\u0131 Tesislerin a\u00e7\u0131l\u0131\u015f t\u00f6reninde kritik a\u00e7\u0131klamalarda bulundu. Cumhurba\u015fkan\u0131 Erdo\u011fan, Ankara Esenbo\u011fa Havaliman\u0131&#8217;n\u0131n yeni tesislerinin \u00fclkeye, millete ve \u00f6zellikle havac\u0131l\u0131k sekt\u00f6r\u00fcne hay\u0131rl\u0131 olmas\u0131n\u0131 temenni etti. \u0130ki a\u015famal\u0131 projenin ilk etab\u0131n\u0131n tamamlanmas\u0131yla T\u00fcrkiye&#8217;nin havac\u0131l\u0131ktaki y\u00fckseli\u015f [&hellip;]<\/p>\n","protected":false},"author":0,"featured_media":845,"comment_status":"open","ping_status":"open","sticky":false,"template":"","format":"standard","meta":{"footnotes":""},"categories":[2],"tags":[],"class_list":["post-844","post","type-post","status-publish","format-standard","has-post-thumbnail","hentry","category-ekonomi"],"_links":{"self":[{"href":"https:\/\/sunpress4.com\/index.php\/wp-json\/wp\/v2\/posts\/844","targetHints":{"allow":["GET"]}}],"collection":[{"href":"https:\/\/sunpress4.com\/index.php\/wp-json\/wp\/v2\/posts"}],"about":[{"href":"https:\/\/sunpress4.com\/index.php\/wp-json\/wp\/v2\/types\/post"}],"replies":[{"embeddable":true,"href":"https:\/\/sunpress4.com\/index.php\/wp-json\/wp\/v2\/comments?post=844"}],"version-history":[{"count":1,"href":"https:\/\/sunpress4.com\/index.php\/wp-json\/wp\/v2\/posts\/844\/revisions"}],"predecessor-version":[{"id":846,"href":"https:\/\/sunpress4.com\/index.php\/wp-json\/wp\/v2\/posts\/844\/revisions\/846"}],"wp:featuredmedia":[{"embeddable":true,"href":"https:\/\/sunpress4.com\/index.php\/wp-json\/wp\/v2\/media\/845"}],"wp:attachment":[{"href":"https:\/\/sunpress4.com\/index.php\/wp-json\/wp\/v2\/media?parent=844"}],"wp:term":[{"taxonomy":"category","embeddable":true,"href":"https:\/\/sunpress4.com\/index.php\/wp-json\/wp\/v2\/categories?post=844"},{"taxonomy":"post_tag","embeddable":true,"href":"https:\/\/sunpress4.com\/index.php\/wp-json\/wp\/v2\/tags?post=844"}],"curies":[{"name":"wp","href":"https:\/\/api.w.org\/{rel}","templated":true}]}}