{"id":976,"date":"2026-01-24T00:00:40","date_gmt":"2026-01-23T21:00:40","guid":{"rendered":"https:\/\/sunpress4.com\/index.php\/2026\/01\/24\/vodafone-business-tech-connect-ankarada-teknoloji-devrimi-konusuldu\/"},"modified":"2026-01-24T00:00:40","modified_gmt":"2026-01-23T21:00:40","slug":"vodafone-business-tech-connect-ankarada-teknoloji-devrimi-konusuldu","status":"publish","type":"post","link":"https:\/\/sunpress4.com\/index.php\/2026\/01\/24\/vodafone-business-tech-connect-ankarada-teknoloji-devrimi-konusuldu\/","title":{"rendered":"Vodafone Business Tech Connect Ankara\u2019da, teknoloji devrimi konu\u015fuldu"},"content":{"rendered":"<p>T\u00fcrkiye, 5G teknolojisiyle birlikte yaln\u0131zca ileti\u015fim h\u0131z\u0131nda \u00e7\u0131\u011f\u0131r a\u00e7makla kalm\u0131yor, ayn\u0131 zamanda veri ekonomisi, siber g\u00fcvenlik ve yapay zek\u00e2 destekli d\u00f6n\u00fc\u015f\u00fcmde de devasa bir s\u0131\u00e7ramaya haz\u0131rlan\u0131yor. 1 Nisan 2026&#8217;da ilk sinyallerin verilmesiyle ba\u015flayacak bu yeni nesil mobil \u015febeke, ak\u0131ll\u0131 \u015fehirlerden otonom s\u00fcr\u00fc\u015fe, end\u00fcstriyel otomasyondan bulut tabanl\u0131 sa\u011fl\u0131k \u00e7\u00f6z\u00fcmlerine, modern veri merkezlerinden ileri d\u00fczey siber g\u00fcvenlik stratejilerine kadar T\u00fcrkiye&#8217;nin ekonomisini ve g\u00fcnl\u00fck ya\u015fam\u0131n\u0131 k\u00f6kten de\u011fi\u015ftirecek bir potansiyel ta\u015f\u0131yor.<\/p>\n<p>Bu kapsaml\u0131 d\u00f6n\u00fc\u015f\u00fcm\u00fcn en \u00f6nemli bulu\u015fmalar\u0131ndan biri, Vodafone\u2019un 15 Ocak 2026 tarihinde Ankara\u2019da d\u00fczenledi\u011fi Business Tech Connect etkinli\u011fi oldu. A\u00e7\u0131l\u0131\u015f konu\u015fmalar\u0131n\u0131 T.C. Ula\u015ft\u0131rma ve Altyap\u0131 Bakan\u0131 Abdulkadir Uralo\u011flu, Bilgi Teknolojileri ve \u0130leti\u015fim Kurulu Ba\u015fkan\u0131 \u00d6mer Abdullah Karag\u00f6zo\u011flu ve Vodafone T\u00fcrkiye CEO\u2019su Engin Aksoy&#8217;un ger\u00e7ekle\u015ftirdi\u011fi bu zirveye, kamu kurumlar\u0131n\u0131n temsilcileri, \u00f6zel sekt\u00f6r\u00fcn \u00f6nde gelen liderleri, akademisyenler ve teknoloji uzmanlar\u0131 yo\u011fun ilgi g\u00f6sterdi.<\/p>\n<p>Etkinlikte \u00f6ne \u00e7\u0131kan konulardan biri, Habert\u00fcrk Teknoloji Edit\u00f6r\u00fc Cem \u00d6zenen\u2019in Vodafone T\u00fcrkiye \u0130cra Kurulu Ba\u015fkan Yard\u0131mc\u0131s\u0131 \u00d6zlem Kestio\u011flu ile yapt\u0131\u011f\u0131 \u00f6zel r\u00f6portajd\u0131. R\u00f6portajda, 5G&#8217;nin sundu\u011fu ba\u011flant\u0131 imkanlar\u0131n\u0131n \u00f6tesinde, siber g\u00fcvenlik, bulut teknolojileri, veri merkezleri yat\u0131r\u0131mlar\u0131 ve yapay zek\u00e2n\u0131n insanla sinerjisinin dijital \u00e7a\u011f\u0131n temel bile\u015fenleri oldu\u011fu vurguland\u0131. Kestio\u011flu, Vodafone Business&#8217;\u0131n kamu kurulu\u015flar\u0131ndan KOB\u0130&#8217;lere kadar geni\u015f bir yelpazeye sundu\u011fu dijital \u00e7\u00f6z\u00fcmleri detayland\u0131r\u0131rken, \u00f6zellikle veri merkezlerine yap\u0131lan stratejik yat\u0131r\u0131mlar\u0131n, verinin gelecekteki \u00f6nemini ve kesintisiz, g\u00fcvenli, y\u00fcksek performansl\u0131 hizmetlerin yeni altyap\u0131y\u0131 \u015fekillendirdi\u011fini ifade etti. R\u00f6portajda ayr\u0131ca, teknolojik d\u00f6n\u00fc\u015f\u00fcm\u00fcn kamu ve \u00f6zel sekt\u00f6r \u00fczerindeki somut etkileri ayr\u0131nt\u0131l\u0131 bir \u015fekilde ele al\u0131nd\u0131.<\/p>\n<p>Ula\u015ft\u0131rma ve Altyap\u0131 Bakan\u0131 Abdulkadir Uralo\u011flu, a\u00e7\u0131l\u0131\u015f konu\u015fmas\u0131nda 5G teknolojisinin ileti\u015fim h\u0131z\u0131n\u0131 yakla\u015f\u0131k on kat art\u0131raca\u011f\u0131n\u0131 ve daha g\u00fcvenilir, kesintisiz haberle\u015fme imk\u00e2n\u0131 sunaca\u011f\u0131n\u0131 belirtti. Bakan Uralo\u011flu, \u201c1 Nisan 2026\u2019da ilk sinyali alaca\u011f\u0131m\u0131z 5G\u2019yi, iki y\u0131l gibi k\u0131sa bir s\u00fcrede 81 ilin her noktas\u0131na ula\u015ft\u0131rmay\u0131 hedefliyoruz\u201d a\u00e7\u0131klamas\u0131nda bulundu. BTK Ba\u015fkan\u0131 \u00d6mer Abdullah Karag\u00f6zo\u011flu ise, 5G ihalesinin T\u00fcrkiye i\u00e7in yeni bir d\u00f6nemin kap\u0131lar\u0131n\u0131 aralad\u0131\u011f\u0131n\u0131 ve Vodafone&#8217;un altyap\u0131 haz\u0131rl\u0131klar\u0131n\u0131n dijital d\u00f6n\u00fc\u015f\u00fcm s\u00fcre\u00e7lerini h\u0131zland\u0131raca\u011f\u0131n\u0131 vurgulad\u0131.<\/p>\n<p>Vodafone T\u00fcrkiye CEO\u2019su Engin Aksoy da, \u015firketin T\u00fcrkiye&#8217;ye yapt\u0131\u011f\u0131 rekor yat\u0131r\u0131mlar\u0131 payla\u015ft\u0131. Aksoy, Vodafone&#8217;un son 20 y\u0131lda 480 milyar TL&#8217;yi a\u015fan bir yat\u0131r\u0131m ger\u00e7ekle\u015ftirdi\u011fini ve sadece son 5 y\u0131lda \u015febekeye 80 milyar TL&#8217;nin \u00fczerinde kaynak aktard\u0131\u011f\u0131n\u0131 belirtti. Aksoy, \u201cVodafone Grubu\u2019nun global \u00e7apta en b\u00fcy\u00fck 5G lansman\u0131n\u0131 T\u00fcrkiye\u2019de ger\u00e7ekle\u015ftiriyoruz. 1 Nisan 2026 itibar\u0131yla 81 ilimizi ve 922 il\u00e7emizi 5G ile bulu\u015fturaca\u011f\u0131z\u201d diyerek 5G yayg\u0131nla\u015fma hedeflerini netle\u015ftirdi.<\/p>\n<p>Etkinlikte kurulan 5G Deneyim Alan\u0131, kat\u0131l\u0131mc\u0131lardan b\u00fcy\u00fck ilgi g\u00f6rd\u00fc. Ziyaret\u00e7iler, Vodafone\u2019un 5G tabanl\u0131 yenilik\u00e7i \u00e7\u00f6z\u00fcmlerini bizzat deneyimleme f\u0131rsat\u0131 buldu. Ak\u0131ll\u0131 Durak, G\u00fcvenli S\u00fcr\u00fc\u015f, Art\u0131r\u0131lm\u0131\u015f Ger\u00e7eklik Kask\u0131, Ak\u0131ll\u0131 Fabrika, Mobil \u00d6zelle\u015ftirilmi\u015f A\u011f, Hologram, Robot \u0130nsan ve K\u00f6pek etkile\u015fimleri, Microsoft Copilot Kiosk gibi gelece\u011fi bug\u00fcne ta\u015f\u0131yan uygulamalar, etkinli\u011fin en \u00e7ok be\u011fenilen b\u00f6l\u00fcmleri aras\u0131nda yer ald\u0131.<\/p>\n<p>\u201cKamu Hizmetlerinde Dijital Uygulamalar: Vatanda\u015f Deneyimi Yakla\u015f\u0131m\u0131\u201d ve \u201cB\u00fcy\u00fcmeyi H\u0131zland\u0131ran Teknolojiler: Kurumsal Ba\u011flant\u0131lar\u201d ba\u015fl\u0131kl\u0131 panellerde ise kamu-\u00f6zel sekt\u00f6r i\u015f birli\u011fi modelleri masaya yat\u0131r\u0131ld\u0131. Gen\u00e7lik ve Spor Bakanl\u0131\u011f\u0131, PTT, TCDD, MTA gibi \u00f6nemli kurumlar\u0131n yan\u0131 s\u0131ra Limak \u00c7imento, Fernas Holding ve YEDA\u015e y\u00f6neticileri, dijitalle\u015fme projelerini kat\u0131l\u0131mc\u0131larla payla\u015ft\u0131. Gartner\u2019dan Do\u011fan Necip Mersin\u2019in \u201cDijitalle\u015fmeden Otonomlu\u011fa\u201d ba\u015fl\u0131kl\u0131 sunumu da sekt\u00f6r profesyonellerinin dikkatini \u00e7ekti.<\/p>\n<p>Etkinli\u011fin en duygusal anlar\u0131ndan biri, Hatayl\u0131 depremzede kad\u0131nlar\u0131n \u201cDijital Benim \u0130\u015fim\u201d projesi kapsam\u0131nda Bakan Uralo\u011flu\u2019na sundu\u011fu el yap\u0131m\u0131 mozaik tablo oldu. Yakla\u015f\u0131k 3 bin 800 ta\u015f\u0131n titizlikle yerle\u015ftirildi\u011fi bu eser, hem umudu hem de yeniden aya\u011fa kalkma iradesini sembolize ediyordu.<\/p>\n<p>Vodafone Business Tech Connect Ankara etkinli\u011fi, T\u00fcrkiye\u2019nin 5G ve kapsaml\u0131 dijital d\u00f6n\u00fc\u015f\u00fcm yolculu\u011funda kritik bir d\u00f6n\u00fcm noktas\u0131 olarak tarihe ge\u00e7ti. 1 Nisan 2026\u2019da ba\u015flayacak yeni \u00e7a\u011f, sadece daha y\u00fcksek h\u0131zlar getirmekle kalmayacak; ayn\u0131 zamanda veri y\u00f6netimi, siber g\u00fcvenlik, bulut teknolojileri ve inovasyon g\u00fcc\u00fcn\u00fc de beraberinde ta\u015f\u0131yarak T\u00fcrkiye&#8217;yi gelece\u011fe haz\u0131rlayacak.<\/p>\n","protected":false},"excerpt":{"rendered":"<p>T\u00fcrkiye, 5G teknolojisiyle birlikte yaln\u0131zca ileti\u015fim h\u0131z\u0131nda \u00e7\u0131\u011f\u0131r a\u00e7makla kalm\u0131yor, ayn\u0131 zamanda veri ekonomisi, siber g\u00fcvenlik ve yapay zek\u00e2 destekli d\u00f6n\u00fc\u015f\u00fcmde de devasa bir s\u0131\u00e7ramaya haz\u0131rlan\u0131yor. 1 Nisan 2026&#8217;da ilk sinyallerin verilmesiyle ba\u015flayacak bu yeni nesil mobil \u015febeke, ak\u0131ll\u0131 \u015fehirlerden otonom s\u00fcr\u00fc\u015fe, end\u00fcstriyel otomasyondan bulut tabanl\u0131 sa\u011fl\u0131k \u00e7\u00f6z\u00fcmlerine, modern veri merkezlerinden ileri d\u00fczey siber g\u00fcvenlik [&hellip;]<\/p>\n","protected":false},"author":0,"featured_media":977,"comment_status":"open","ping_status":"open","sticky":false,"template":"","format":"standard","meta":{"footnotes":""},"categories":[2],"tags":[],"class_list":["post-976","post","type-post","status-publish","format-standard","has-post-thumbnail","hentry","category-ekonomi"],"_links":{"self":[{"href":"https:\/\/sunpress4.com\/index.php\/wp-json\/wp\/v2\/posts\/976","targetHints":{"allow":["GET"]}}],"collection":[{"href":"https:\/\/sunpress4.com\/index.php\/wp-json\/wp\/v2\/posts"}],"about":[{"href":"https:\/\/sunpress4.com\/index.php\/wp-json\/wp\/v2\/types\/post"}],"replies":[{"embeddable":true,"href":"https:\/\/sunpress4.com\/index.php\/wp-json\/wp\/v2\/comments?post=976"}],"version-history":[{"count":1,"href":"https:\/\/sunpress4.com\/index.php\/wp-json\/wp\/v2\/posts\/976\/revisions"}],"predecessor-version":[{"id":978,"href":"https:\/\/sunpress4.com\/index.php\/wp-json\/wp\/v2\/posts\/976\/revisions\/978"}],"wp:featuredmedia":[{"embeddable":true,"href":"https:\/\/sunpress4.com\/index.php\/wp-json\/wp\/v2\/media\/977"}],"wp:attachment":[{"href":"https:\/\/sunpress4.com\/index.php\/wp-json\/wp\/v2\/media?parent=976"}],"wp:term":[{"taxonomy":"category","embeddable":true,"href":"https:\/\/sunpress4.com\/index.php\/wp-json\/wp\/v2\/categories?post=976"},{"taxonomy":"post_tag","embeddable":true,"href":"https:\/\/sunpress4.com\/index.php\/wp-json\/wp\/v2\/tags?post=976"}],"curies":[{"name":"wp","href":"https:\/\/api.w.org\/{rel}","templated":true}]}}